{"id":22052,"date":"2016-03-11T11:37:56","date_gmt":"2016-03-11T17:37:56","guid":{"rendered":"https:\/\/radiowebmx.com\/nota\/?p=22052"},"modified":"2016-03-11T11:37:56","modified_gmt":"2016-03-11T17:37:56","slug":"univim-firma-convenio-de-colaboracion-con-el-imced","status":"publish","type":"post","link":"https:\/\/radiowebmx.com\/nota\/univim-firma-convenio-de-colaboracion-con-el-imced\/","title":{"rendered":"Univim firma convenio de colaboraci\u00f3n con el Imced"},"content":{"rendered":"<p><a href=\"https:\/\/radiowebmx.com\/nota\/wp-content\/uploads\/2016\/03\/5214dc16-a2ab-469a-8808-6b5e3a8ef9c7.jpg\"><img loading=\"lazy\" decoding=\"async\" class=\"alignleft size-full wp-image-22053\" src=\"https:\/\/radiowebmx.com\/nota\/wp-content\/uploads\/2016\/03\/5214dc16-a2ab-469a-8808-6b5e3a8ef9c7.jpg\" alt=\"5214dc16-a2ab-469a-8808-6b5e3a8ef9c7\" width=\"591\" height=\"267\" srcset=\"https:\/\/radiowebmx.com\/nota\/wp-content\/uploads\/2016\/03\/5214dc16-a2ab-469a-8808-6b5e3a8ef9c7.jpg 591w, https:\/\/radiowebmx.com\/nota\/wp-content\/uploads\/2016\/03\/5214dc16-a2ab-469a-8808-6b5e3a8ef9c7-300x136.jpg 300w\" sizes=\"auto, (max-width: 591px) 100vw, 591px\" \/><\/a>Con el objetivo de establecer las bases para coordinar acciones de cooperaci\u00f3n en materia de capacitaci\u00f3n de personal mediante el intercambio y prestaci\u00f3n de servicios en la modalidad de cursos educativos en l\u00ednea, la Universidad Virtual del Estado de Michoac\u00e1n (Univim) y el Instituto Michoacano de Ciencias de la Educaci\u00f3n (Imced) signaron un convenio de colaboraci\u00f3n interinstitucional.<\/p>\n<p>Durante la firma del convenio la rectora de la Univim, Silvia Mendoza Valenzuela, destac\u00f3 la importancia de realizar esfuerzos de colaboraci\u00f3n interinstitucional para incrementar la profesionalizaci\u00f3n en la entidad y as\u00ed contribuir al cumplimiento de uno de los principales compromisos del Gobernador Silvano Aureoles Conejo, ya que s\u00f3lo con la participaci\u00f3n decidida entre gobierno y ciudadan\u00eda se lograr\u00e1 cambiar el rumbo educativo del estado.<\/p>\n<p>En su intervenci\u00f3n el director general del Imced, Javier Irepan Hacha, se\u00f1al\u00f3 que la educaci\u00f3n virtual incrementa las posibilidades de profesionalizaci\u00f3n para las personas que realizan alguna labor productiva, adem\u00e1s del ahorro de recursos y la libertad de estudiar a cualquier hora del d\u00eda, por lo que comprometi\u00f3 promover entre sus colaboradores las seis licenciaturas, dos maestr\u00edas y el doctorado que ofrece la Univim.<\/p>\n<p>Este convenio de colaboraci\u00f3n establece la participaci\u00f3n entre ambas instituciones en el dise\u00f1o y ejecuci\u00f3n de programas especializados de capacitaci\u00f3n, de conformidad con las pol\u00edticas y necesidades de cada dependencia de gobierno.<\/p>\n<p>Adem\u00e1s de participar y desarrollar talleres, cursos cortos y diplomados, sobre temas de inter\u00e9s mutuo y al servicio de otras entidades del sector p\u00fablico y no gubernamentales en el \u00e1mbito nacional e internacional.<\/p>\n<p>Tambi\u00e9n se dise\u00f1ar\u00e1n programas acad\u00e9micos mediante diagn\u00f3stico previo para atender necesidades formativas en la entidad y con ello incrementar la oferta educativa para las y los michoacanos.<\/p>\n<p>Con la firma del convenio de colaboraci\u00f3n ambas instituciones educativas otorgar\u00e1n un 30% de descuento en sus maestr\u00edas y diplomados, adem\u00e1s del intercambio de alumnos que deseen realizar su servicio social en las instituciones mencionadas.<\/p>\n","protected":false},"excerpt":{"rendered":"<p>Con el objetivo de establecer las bases para coordinar acciones de cooperaci\u00f3n en materia de capacitaci\u00f3n de personal mediante el intercambio y prestaci\u00f3n de servicios en la modalidad de cursos educativos en l\u00ednea, <\/p>\n","protected":false},"author":1,"featured_media":22053,"comment_status":"open","ping_status":"open","sticky":false,"template":"","format":"standard","meta":{"footnotes":""},"categories":[14,3],"tags":[],"class_list":["post-22052","post","type-post","status-publish","format-standard","has-post-thumbnail","hentry","category-destacadas","category-gobierno-del-estado-de-michoacan"],"_links":{"self":[{"href":"https:\/\/radiowebmx.com\/nota\/wp-json\/wp\/v2\/posts\/22052","targetHints":{"allow":["GET"]}}],"collection":[{"href":"https:\/\/radiowebmx.com\/nota\/wp-json\/wp\/v2\/posts"}],"about":[{"href":"https:\/\/radiowebmx.com\/nota\/wp-json\/wp\/v2\/types\/post"}],"author":[{"embeddable":true,"href":"https:\/\/radiowebmx.com\/nota\/wp-json\/wp\/v2\/users\/1"}],"replies":[{"embeddable":true,"href":"https:\/\/radiowebmx.com\/nota\/wp-json\/wp\/v2\/comments?post=22052"}],"version-history":[{"count":1,"href":"https:\/\/radiowebmx.com\/nota\/wp-json\/wp\/v2\/posts\/22052\/revisions"}],"predecessor-version":[{"id":22054,"href":"https:\/\/radiowebmx.com\/nota\/wp-json\/wp\/v2\/posts\/22052\/revisions\/22054"}],"wp:featuredmedia":[{"embeddable":true,"href":"https:\/\/radiowebmx.com\/nota\/wp-json\/wp\/v2\/media\/22053"}],"wp:attachment":[{"href":"https:\/\/radiowebmx.com\/nota\/wp-json\/wp\/v2\/media?parent=22052"}],"wp:term":[{"taxonomy":"category","embeddable":true,"href":"https:\/\/radiowebmx.com\/nota\/wp-json\/wp\/v2\/categories?post=22052"},{"taxonomy":"post_tag","embeddable":true,"href":"https:\/\/radiowebmx.com\/nota\/wp-json\/wp\/v2\/tags?post=22052"}],"curies":[{"name":"wp","href":"https:\/\/api.w.org\/{rel}","templated":true}]}}