{"id":22048,"date":"2016-03-11T11:34:21","date_gmt":"2016-03-11T17:34:21","guid":{"rendered":"https:\/\/radiowebmx.com\/nota\/?p=22048"},"modified":"2016-03-11T11:34:21","modified_gmt":"2016-03-11T17:34:21","slug":"impulsa-imde-primer-acuatlon-promocional-primavera-2016","status":"publish","type":"post","link":"https:\/\/radiowebmx.com\/nota\/impulsa-imde-primer-acuatlon-promocional-primavera-2016\/","title":{"rendered":"Impulsa IMDE primer Acuatl\u00f3n Promocional Primavera 2016"},"content":{"rendered":"<div><a href=\"https:\/\/radiowebmx.com\/nota\/wp-content\/uploads\/2016\/03\/ebc5d8ea-9141-4797-814c-c0d9aee1475c.jpg\"><img loading=\"lazy\" decoding=\"async\" class=\"alignleft size-full wp-image-22049\" src=\"https:\/\/radiowebmx.com\/nota\/wp-content\/uploads\/2016\/03\/ebc5d8ea-9141-4797-814c-c0d9aee1475c.jpg\" alt=\"ebc5d8ea-9141-4797-814c-c0d9aee1475c\" width=\"591\" height=\"255\" srcset=\"https:\/\/radiowebmx.com\/nota\/wp-content\/uploads\/2016\/03\/ebc5d8ea-9141-4797-814c-c0d9aee1475c.jpg 591w, https:\/\/radiowebmx.com\/nota\/wp-content\/uploads\/2016\/03\/ebc5d8ea-9141-4797-814c-c0d9aee1475c-300x129.jpg 300w\" sizes=\"auto, (max-width: 591px) 100vw, 591px\" \/><\/a>Con la intenci\u00f3n de generar nuevas alternativas para la pr\u00e1ctica del deporte, el ayuntamiento de Morelia, encabezado por el presidente municipal, Alfonso Mart\u00ednez Alc\u00e1zar, realizar\u00e1 el Primer Acuatl\u00f3n Promocional Primavera 2016, el cual tendr\u00e1 verificativo el domingo 20 de marzo, en las instalaciones de la unidad deportiva IMDE-INDECO, en punto de las 08:00 horas. Adem\u00e1s, se present\u00f3 el avance de obra de la alberca semiol\u00edmpica Morelos-INDECO, que al momento registra un 90 por ciento.<\/p>\n<p>El jefe de la comuna moreliana, Alfonso Mart\u00ednez Alc\u00e1zar, a trav\u00e9s del Instituto Municipal de Cultura F\u00edsica y Deporte (IMDE) y su titular, Gustavo Ju\u00e1rez Bedolla, ampl\u00edan el abanico de posibilidades para que la sociedad realice actividad f\u00edsica, con el desarrollo de esta disciplina.<\/p>\n<p>El objetivo central del evento, el cual es de car\u00e1cter promocional, es el de acercar a los deportistas al acuatl\u00f3n, que combina el atletismo y la nataci\u00f3n.<\/p>\n<p>El director general del IMDE, Gustavo Ju\u00e1rez Bedolla; la coordinadora de Actividades Acu\u00e1ticas del Instituto, Karla Calzada; el organizador, Yahir Fraga; as\u00ed como el destacado triatleta Oliver Gonz\u00e1lez, fueron parte de las personalidades que se dieron cita para el anuncio de la justa deportiva.<\/p>\n<p>\u201cNuestro presidente municipal, Alfonso Mart\u00ednez Alc\u00e1zar, nos ha instruido para otorgar a la ciudadan\u00eda todas las opciones posibles para que realicen deporte. Consideramos que el acuatl\u00f3n es una actividad que podemos potenciar mediante este tipo de promocionales, en los que se aglutinan el atletismo y la nataci\u00f3n\u201d, extern\u00f3 el dirigente de la Casa del Deporte en la ciudad, Gustavo Ju\u00e1rez Bedolla.<\/p>\n<p>Esta primera edici\u00f3n del Acuatl\u00f3n Promocional Primavera 2016, pretende congregar a m\u00e1s de 250 participantes, el domingo 20 de marzo en la unidad deportiva IMDE-INDECO, a partir de las 08:00 de la ma\u00f1ana.<\/p>\n<p>Las categor\u00edas incluidas en la convocatoria son: Gusarapos (8 a\u00f1os y menores), Ranas (9-10), Lagartijas (11-12), Iguanas (13-14), Caimanes (15-16), Cocodrilos (17-24), Velociraptors (25-34) y Tiranosaurios (35 a\u00f1os en adelante), en ambas ramas.<\/p>\n<p>En cuanto al desarrollo del evento, los participantes arrancar\u00e1n con la etapa de nado en el Complejo Acu\u00e1tico \u201cMedallistas Paral\u00edmpicos\u201d, en distancias que oscilan entre los 100 y 400 metros, de acuerdo a la categor\u00eda, mientras que la carrera se desarrollar\u00e1 en la pista de atletismo (300 a 500 metros).<\/p>\n<p>La premiaci\u00f3n consistir\u00e1 en medallas para los 10 primeros lugares de cada categor\u00eda, adem\u00e1s de diploma para todos los participantes.<\/p>\n<p>Las inscripciones se podr\u00e1n realizar hasta el 17 de marzo en las instalaciones del Complejo Acu\u00e1tico, con un costo de 150 pesos.<\/p>\n<\/div>\n<div><strong>Alberca Morelos-INDECO, muestra un avance del 90 por ciento<\/strong><\/div>\n<div>\nDe forma paralela, el Instituto Municipal de Cultura F\u00edsica y Deporte (IMDE), anunci\u00f3 que la obra de la alberca semiol\u00edmpica \u201cMorelos-INDECO\u201d, muestra un avance del 90 por ciento, por lo cual, en los primeros d\u00edas del mes de abril se estar\u00e1 inaugurando.<\/p>\n<p>La obra arranc\u00f3 el 31 de agosto el a\u00f1o pasado, con una inversi\u00f3n cercana a los 22 millones de pesos, otorgados por la Comisi\u00f3n Nacional de Cultura F\u00edsica y Deporte (CONADE), en conjunto con la fundaci\u00f3n \u201cMovimiento es Salud\u201d.<\/p>\n<p>De acuerdo, a la direcci\u00f3n de Infraestructura del Instituto Municipal de Cultura y Deporte (IMDE), la obra quedar\u00e1 debidamente concluida los primeros d\u00edas del mes de abril, ya que al momento, el avance es del 90 por ciento.<\/p>\n<p>\u201cLlevamos un 90 por ciento de la obra, por lo cual estamos pr\u00e1cticamente en la recta final, ahora solo estamos trabajando en los detallados, que incluyen la pintura, la herrer\u00eda y la ventaner\u00eda, para en pr\u00f3ximos d\u00edas hacer una limpieza a la piscina y proceder al llenado de la misma. Nosotros calculamos que para el mes de abril arranque la operatividad de esta alberca\u201d, mencion\u00f3 Itza Gabriela Andrade, jefa del departamento de Infraestructura del IMDE.<\/p>\n<p>El diez por ciento restante de la magna obra se enfoca en armado y colocaci\u00f3n de ventaneria y herrer\u00eda, aplicaci\u00f3n de pintura y detallado de los accesos al recinto.<\/p>\n<p>La alberca elaborada con un vaso prefabricado, con dimensiones de 25 metros de largo, 13 de ancho y 1.30 de profundidad, contar\u00e1 con un \u00e1rea exclusiva de calentamiento, plaza de acceso, rampas, \u00e1rea m\u00e9dica, oficinas y vest\u00edbulo.<\/p>\n<p>Con el af\u00e1n de disminuir costos de mantenimiento, este espacio se caracterizar\u00e1 por\u00a0 el desarrollo de sus procesos de manera sustentable, como la electr\u00f3lisis de sal, mediante la cual se elimina la aplicaci\u00f3n de qu\u00edmicos para el mantenimiento de la alberca, adem\u00e1s de los intercambiadores de calor, los cuales utilizan la temperatura exterior para calentar el agua de la piscina.<\/p><\/div>\n","protected":false},"excerpt":{"rendered":"<p>Con la intenci\u00f3n de generar nuevas alternativas para la pr\u00e1ctica del deporte, el ayuntamiento de Morelia, encabezado por el presidente municipal, Alfonso Mart\u00ednez Alc\u00e1zar, realizar\u00e1 el Primer Acuatl\u00f3n Promocional Primavera 2016,<\/p>\n","protected":false},"author":1,"featured_media":22049,"comment_status":"open","ping_status":"open","sticky":false,"template":"","format":"standard","meta":{"footnotes":""},"categories":[14,9],"tags":[],"class_list":["post-22048","post","type-post","status-publish","format-standard","has-post-thumbnail","hentry","category-destacadas","category-morelia"],"_links":{"self":[{"href":"https:\/\/radiowebmx.com\/nota\/wp-json\/wp\/v2\/posts\/22048","targetHints":{"allow":["GET"]}}],"collection":[{"href":"https:\/\/radiowebmx.com\/nota\/wp-json\/wp\/v2\/posts"}],"about":[{"href":"https:\/\/radiowebmx.com\/nota\/wp-json\/wp\/v2\/types\/post"}],"author":[{"embeddable":true,"href":"https:\/\/radiowebmx.com\/nota\/wp-json\/wp\/v2\/users\/1"}],"replies":[{"embeddable":true,"href":"https:\/\/radiowebmx.com\/nota\/wp-json\/wp\/v2\/comments?post=22048"}],"version-history":[{"count":1,"href":"https:\/\/radiowebmx.com\/nota\/wp-json\/wp\/v2\/posts\/22048\/revisions"}],"predecessor-version":[{"id":22050,"href":"https:\/\/radiowebmx.com\/nota\/wp-json\/wp\/v2\/posts\/22048\/revisions\/22050"}],"wp:featuredmedia":[{"embeddable":true,"href":"https:\/\/radiowebmx.com\/nota\/wp-json\/wp\/v2\/media\/22049"}],"wp:attachment":[{"href":"https:\/\/radiowebmx.com\/nota\/wp-json\/wp\/v2\/media?parent=22048"}],"wp:term":[{"taxonomy":"category","embeddable":true,"href":"https:\/\/radiowebmx.com\/nota\/wp-json\/wp\/v2\/categories?post=22048"},{"taxonomy":"post_tag","embeddable":true,"href":"https:\/\/radiowebmx.com\/nota\/wp-json\/wp\/v2\/tags?post=22048"}],"curies":[{"name":"wp","href":"https:\/\/api.w.org\/{rel}","templated":true}]}}