{"id":22029,"date":"2016-03-10T14:49:31","date_gmt":"2016-03-10T20:49:31","guid":{"rendered":"https:\/\/radiowebmx.com\/nota\/?p=22029"},"modified":"2016-03-10T14:49:31","modified_gmt":"2016-03-10T20:49:31","slug":"se-conjura-huelga-en-el-colegio-de-bachilleres-de-michoacan","status":"publish","type":"post","link":"https:\/\/radiowebmx.com\/nota\/se-conjura-huelga-en-el-colegio-de-bachilleres-de-michoacan\/","title":{"rendered":"SE CONJURA HUELGA EN EL COLEGIO DE BACHILLERES DE MICHOAC\u00c1N"},"content":{"rendered":"<p><a href=\"https:\/\/radiowebmx.com\/nota\/wp-content\/uploads\/2016\/03\/3.jpg\"><img loading=\"lazy\" decoding=\"async\" class=\"alignleft size-full wp-image-22030\" src=\"https:\/\/radiowebmx.com\/nota\/wp-content\/uploads\/2016\/03\/3.jpg\" alt=\"3\" width=\"591\" height=\"334\" srcset=\"https:\/\/radiowebmx.com\/nota\/wp-content\/uploads\/2016\/03\/3.jpg 591w, https:\/\/radiowebmx.com\/nota\/wp-content\/uploads\/2016\/03\/3-300x170.jpg 300w, https:\/\/radiowebmx.com\/nota\/wp-content\/uploads\/2016\/03\/3-128x72.jpg 128w\" sizes=\"auto, (max-width: 591px) 100vw, 591px\" \/><\/a>Mediante la interlocuci\u00f3n de la Secretar\u00eda de Gobierno, se logr\u00f3 un acuerdo entre la parte patronal del Colegio de Bachilleres del Estado de Michoac\u00e1n (COBAEM) y las autoridades correspondientes a fin de conjurar la huelga que se ten\u00eda contemplada en el subsistema.<\/p>\n<p>Esta tarde, el secretario de Gobierno, Adri\u00e1n L\u00f3pez Sol\u00eds, recibi\u00f3 en Palacio de Gobierno a Eduardo Mendoza Andrade, secretario general del Sindicato Independiente de Trabajadores de Colegio (SITCBEM), y a Gaspar Romero Campos, dirigente del Frente Estatal de Educaci\u00f3n Media Superior y Superior (FESEMSS), quienes reconocieron la labor de la dependencia estatal para lograr el acuerdo por el bienestar tanto de los agremiados como de los propios alumnos de la instituci\u00f3n.<\/p>\n<p>El secretario de Gobierno, manifest\u00f3 que gracias a un proceso de seguimiento y di\u00e1logo de las \u00faltimas semanas se logr\u00f3 establecer un acuerdo con el subsecretario de Gobernaci\u00f3n, Armando Hurtado Ar\u00e9valo y el subsecretario de Finanzas, Logan Gustavo Meza Herrera, as\u00ed como las autoridades del COBAEM y la parte sindical para conjurar la huelga y con ello dar estabilidad al subsistema, a los propios docentes y a lo primordial los alumnos de los diversos planteles.<\/p>\n<p>\u201cCon esta acci\u00f3n se evidencia que el gobernador del Estado, Silvano Aureoles Conejo, ha instruido para que este tipo de gestiones se resuelvan en aras de la estabilidad en los subsistemas educativos, mismos que permitan alcanzar las mejoras educativas en Michoac\u00e1n\u201d, manifest\u00f3.<\/p>\n<p>El encargado de la pol\u00edtica interna, dijo que se privilegi\u00f3 el di\u00e1logo y el respeto a los derechos laborales y reconoci\u00f3 que hubo disposici\u00f3n por parte del gremio para poder entender la situaci\u00f3n econ\u00f3mica por la que atraviesa el estado.<\/p>\n<p>Acompa\u00f1ado del subsecretario de Gobernaci\u00f3n, Armando Hurtado Ar\u00e9valo, sostuvo que el Gobernador del Estado, Silvano Aureoles Conejo desde a\u00f1os atr\u00e1s en su \u00e9poca como senador de la Rep\u00fablica ha tenido un especial inter\u00e9s en respaldar al Colegio y con ello las necesidades del subsistemas, ante ello reiter\u00f3 que el acuerdo es una muestra m\u00e1s del intereses de la administraci\u00f3n estatal por resolver las problem\u00e1ticas que presentan los diversos subsistemas.<\/p>\n<p>Eduardo Mendoza Andrade, l\u00edder del SITCBEM acompa\u00f1ado de integrantes del Comit\u00e9 Sindical, reconoci\u00f3 que con la administraci\u00f3n que encabeza el Gobernador, Silvano Aureoles Conejo, tenemos muchas coincidencias, ya que nos preocupa la educaci\u00f3n, y sostuvieron que ellos como gremio han puesto de su parte para cuidar la instituci\u00f3n educativa y evitar cualquier movilizaci\u00f3n que afecte a los estudiantes.<\/p>\n<p>\u201cVamos a seguir trabajando en ese ganar juntos en los planteles, nos estamos esmerando en el que los docentes est\u00e9n en las aulas y si estamos correspondidos seguiremos por la ruta del di\u00e1logo, de la concertaci\u00f3n y de los acuerdos\u201d, expres\u00f3.<\/p>\n<p>Por su parte, Gaspar Romero, l\u00edder del FESEMSS, sostuvo que se ha podido avanzar mediante las mesas de trabajo en los distintos pendientes que tienen los subsistemas educativos y sindicatos del nivel medio-superior y superior.<\/p>\n<p>Alejandro Busto Aguilera, director general del Cobaem, agradeci\u00f3 el trabajo de interlocuci\u00f3n de la Secretar\u00eda de Gobierno, as\u00ed como de la de Finanzas y Administraci\u00f3n para lograr resolver los pendientes que se ten\u00edan en la instituci\u00f3n, se\u00f1al\u00f3 que se continuar\u00e1n con las pl\u00e1ticas para avanzar en el mejoramiento de la calidad educativa de la instituci\u00f3n.<\/p>\n<p>El Gobierno del Estado reitera el compromiso de que mediante el di\u00e1logo, los acuerdos y priorizando la atenci\u00f3n a los alumnos de los distintos niveles es la forma de alcanzar las mejores y combatir el rezago educativo que Michoac\u00e1n requiere.<\/p>\n","protected":false},"excerpt":{"rendered":"<p>El secretario de Gobierno, Adri\u00e1n L\u00f3pez Sol\u00eds, recibi\u00f3 a Eduardo Mendoza, l\u00edder del Sindicato del COBAEM y a Gaspar Romero del FESEMSS, <\/p>\n","protected":false},"author":1,"featured_media":22030,"comment_status":"open","ping_status":"open","sticky":false,"template":"","format":"standard","meta":{"footnotes":""},"categories":[14,3],"tags":[],"class_list":["post-22029","post","type-post","status-publish","format-standard","has-post-thumbnail","hentry","category-destacadas","category-gobierno-del-estado-de-michoacan"],"_links":{"self":[{"href":"https:\/\/radiowebmx.com\/nota\/wp-json\/wp\/v2\/posts\/22029","targetHints":{"allow":["GET"]}}],"collection":[{"href":"https:\/\/radiowebmx.com\/nota\/wp-json\/wp\/v2\/posts"}],"about":[{"href":"https:\/\/radiowebmx.com\/nota\/wp-json\/wp\/v2\/types\/post"}],"author":[{"embeddable":true,"href":"https:\/\/radiowebmx.com\/nota\/wp-json\/wp\/v2\/users\/1"}],"replies":[{"embeddable":true,"href":"https:\/\/radiowebmx.com\/nota\/wp-json\/wp\/v2\/comments?post=22029"}],"version-history":[{"count":1,"href":"https:\/\/radiowebmx.com\/nota\/wp-json\/wp\/v2\/posts\/22029\/revisions"}],"predecessor-version":[{"id":22031,"href":"https:\/\/radiowebmx.com\/nota\/wp-json\/wp\/v2\/posts\/22029\/revisions\/22031"}],"wp:featuredmedia":[{"embeddable":true,"href":"https:\/\/radiowebmx.com\/nota\/wp-json\/wp\/v2\/media\/22030"}],"wp:attachment":[{"href":"https:\/\/radiowebmx.com\/nota\/wp-json\/wp\/v2\/media?parent=22029"}],"wp:term":[{"taxonomy":"category","embeddable":true,"href":"https:\/\/radiowebmx.com\/nota\/wp-json\/wp\/v2\/categories?post=22029"},{"taxonomy":"post_tag","embeddable":true,"href":"https:\/\/radiowebmx.com\/nota\/wp-json\/wp\/v2\/tags?post=22029"}],"curies":[{"name":"wp","href":"https:\/\/api.w.org\/{rel}","templated":true}]}}