{"id":22003,"date":"2016-03-08T14:11:21","date_gmt":"2016-03-08T20:11:21","guid":{"rendered":"https:\/\/radiowebmx.com\/nota\/?p=22003"},"modified":"2016-03-08T14:11:21","modified_gmt":"2016-03-08T20:11:21","slug":"reconoce-alfonso-martinez-a-docentes-por-su-destacada-labor-a-favor-de-la-educacion","status":"publish","type":"post","link":"https:\/\/radiowebmx.com\/nota\/reconoce-alfonso-martinez-a-docentes-por-su-destacada-labor-a-favor-de-la-educacion\/","title":{"rendered":"Reconoce Alfonso Mart\u00ednez a docentes por su destacada labor a favor de la educaci\u00f3n"},"content":{"rendered":"<p><a href=\"https:\/\/radiowebmx.com\/nota\/wp-content\/uploads\/2016\/03\/375b9762-fe31-46bb-bcb8-02c3de731a13.jpg\"><img loading=\"lazy\" decoding=\"async\" class=\"alignleft size-full wp-image-22004\" src=\"https:\/\/radiowebmx.com\/nota\/wp-content\/uploads\/2016\/03\/375b9762-fe31-46bb-bcb8-02c3de731a13.jpg\" alt=\"375b9762-fe31-46bb-bcb8-02c3de731a13\" width=\"591\" height=\"287\" srcset=\"https:\/\/radiowebmx.com\/nota\/wp-content\/uploads\/2016\/03\/375b9762-fe31-46bb-bcb8-02c3de731a13.jpg 591w, https:\/\/radiowebmx.com\/nota\/wp-content\/uploads\/2016\/03\/375b9762-fe31-46bb-bcb8-02c3de731a13-300x146.jpg 300w\" sizes=\"auto, (max-width: 591px) 100vw, 591px\" \/><\/a>Por el esfuerzo realizado para mejorar la educaci\u00f3n de Morelia y el estado, este martes el Presidente Municipal, Alfonso Mart\u00ednez Alc\u00e1zar entreg\u00f3, en Sesi\u00f3n Solemne, el reconocimiento al \u201cDocente Innovador de mi Ciudad\u201d a Paulina Hern\u00e1ndez Salgado y Alejandra Gonz\u00e1lez Santoyo.<\/p>\n<p>Dicho reconocimiento obedece a su aportaci\u00f3n para la inclusi\u00f3n significativa de las tecnolog\u00edas en las aulas y la mejora de los procesos de ense\u00f1anza y aprendizaje, el cual es otorgado por la Organizaci\u00f3n de Estados Iberoamericanos para la Educaci\u00f3n, Ciencia y Cultura.<\/p>\n<p>En Sesi\u00f3n Solmene desarrollada en la sala de Cabildo, el Alcalde Alfonso Mart\u00ednez felicit\u00f3 a Paulina Hern\u00e1ndez y Alejandra Gonz\u00e1lez por el esfuerzo que d\u00eda a d\u00eda realizan para mejorar la educaci\u00f3n, por lo que en el marco del D\u00eda Internacional de la Mujer, dijo, se galardon\u00f3 a dos mujeres que trascienden con su esfuerzo y el sudor de su frente.<\/p>\n<p>\u201cNo fue planeado entregar los premios en este d\u00eda, sin embargo esto nos obliga a continuar trabajando para que las mujeres tengan en todo momento igualdad de condiciones para desarrollarse en sociedad\u201d.<\/p>\n<p>En este sentido, subray\u00f3 que ambas mujeres son un ejemplo a seguir para todos aquellos ciudadanos que se dedican a la docencia, ya que con su esfuerzo y dedicaci\u00f3n han logrado mejorar la calidad de vida de los habitantes en base a la educaci\u00f3n.<\/p>\n<p>Cabe destacar que Paulina Hern\u00e1ndez es docente del Instituto Antonio Plancarte de Morelia desde hace 7 a\u00f1os. Desde 2011 ha participado con sus alumnos en diversos concursos de c\u00f3mputo y arte digital, representado a nuestra ciudad y pa\u00eds en ferias regionales, latinoamericanas e internacionales, como el proyecto multimedia continental con sede en Guadalajara, la muestra cient\u00edfica latinoamericana con sede en Trujillo, Per\u00fa, informatrix, Rumania, con sede Bucharest y Solacyt en la ciudad de Quito, Ecuador.<\/p>\n<p>Asimismo, fue invitada a participar en la ciudad de Redmond, Washington y Amsterdam, Holanda, en la Cumbre para profesores de Microsoft. Su trabajo es reconocido por la Organizaci\u00f3n de Estados Iberoamericanos para la Educaci\u00f3n, la Ciencia y la Cultura, junto a Microsoft Latinoam\u00e9rica.<\/p>\n<p>Por otro lado, Alejandra Gonz\u00e1lez Santoyo es representante legal y directora general del Instituto Antonio Plancarte de Morelia, instituci\u00f3n que brinda educaci\u00f3n a la ni\u00f1ez y juventud de Morelia;\u00a0 apoya y participa en concursos de c\u00f3mputo y arte digital desde el a\u00f1o 2011 en coordinaci\u00f3n con SOLACYT y proyecto EDUCARE.<\/p>\n<p>Estudiantes de la Instituci\u00f3n en donde trabaja, han representado a nuestra ciudad y pa\u00eds en ferias regionales, latinoamericanas e internacionales, como el Proyecto Multimedia Continental en Guadalajara, la Muestra Cient\u00edfica Latinoamericana con sede en Trujillo, Per\u00fa e Infomatrix Rumania, con sede Bucharest.<\/p>\n","protected":false},"excerpt":{"rendered":"<p>Por el esfuerzo realizado para mejorar la educaci\u00f3n de Morelia y el estado, este martes el Presidente Municipal, Alfonso Mart\u00ednez Alc\u00e1zar entreg\u00f3, <\/p>\n","protected":false},"author":1,"featured_media":22004,"comment_status":"open","ping_status":"open","sticky":false,"template":"","format":"standard","meta":{"footnotes":""},"categories":[14,9],"tags":[],"class_list":["post-22003","post","type-post","status-publish","format-standard","has-post-thumbnail","hentry","category-destacadas","category-morelia"],"_links":{"self":[{"href":"https:\/\/radiowebmx.com\/nota\/wp-json\/wp\/v2\/posts\/22003","targetHints":{"allow":["GET"]}}],"collection":[{"href":"https:\/\/radiowebmx.com\/nota\/wp-json\/wp\/v2\/posts"}],"about":[{"href":"https:\/\/radiowebmx.com\/nota\/wp-json\/wp\/v2\/types\/post"}],"author":[{"embeddable":true,"href":"https:\/\/radiowebmx.com\/nota\/wp-json\/wp\/v2\/users\/1"}],"replies":[{"embeddable":true,"href":"https:\/\/radiowebmx.com\/nota\/wp-json\/wp\/v2\/comments?post=22003"}],"version-history":[{"count":1,"href":"https:\/\/radiowebmx.com\/nota\/wp-json\/wp\/v2\/posts\/22003\/revisions"}],"predecessor-version":[{"id":22005,"href":"https:\/\/radiowebmx.com\/nota\/wp-json\/wp\/v2\/posts\/22003\/revisions\/22005"}],"wp:featuredmedia":[{"embeddable":true,"href":"https:\/\/radiowebmx.com\/nota\/wp-json\/wp\/v2\/media\/22004"}],"wp:attachment":[{"href":"https:\/\/radiowebmx.com\/nota\/wp-json\/wp\/v2\/media?parent=22003"}],"wp:term":[{"taxonomy":"category","embeddable":true,"href":"https:\/\/radiowebmx.com\/nota\/wp-json\/wp\/v2\/categories?post=22003"},{"taxonomy":"post_tag","embeddable":true,"href":"https:\/\/radiowebmx.com\/nota\/wp-json\/wp\/v2\/tags?post=22003"}],"curies":[{"name":"wp","href":"https:\/\/api.w.org\/{rel}","templated":true}]}}