{"id":22000,"date":"2016-03-08T14:08:46","date_gmt":"2016-03-08T20:08:46","guid":{"rendered":"https:\/\/radiowebmx.com\/nota\/?p=22000"},"modified":"2016-03-08T14:08:46","modified_gmt":"2016-03-08T20:08:46","slug":"sicdet-por-fortalecer-la-participacion-de-la-mujer-en-la-ciencia","status":"publish","type":"post","link":"https:\/\/radiowebmx.com\/nota\/sicdet-por-fortalecer-la-participacion-de-la-mujer-en-la-ciencia\/","title":{"rendered":"SICDET, por fortalecer la participaci\u00f3n de la mujer en la ciencia"},"content":{"rendered":"<p><a href=\"https:\/\/radiowebmx.com\/nota\/wp-content\/uploads\/2016\/03\/a71b439f-e3b6-4bfb-9ee7-0606059d2a47.jpg\"><img loading=\"lazy\" decoding=\"async\" class=\"alignleft size-full wp-image-22001\" src=\"https:\/\/radiowebmx.com\/nota\/wp-content\/uploads\/2016\/03\/a71b439f-e3b6-4bfb-9ee7-0606059d2a47.jpg\" alt=\"a71b439f-e3b6-4bfb-9ee7-0606059d2a47\" width=\"591\" height=\"324\" srcset=\"https:\/\/radiowebmx.com\/nota\/wp-content\/uploads\/2016\/03\/a71b439f-e3b6-4bfb-9ee7-0606059d2a47.jpg 591w, https:\/\/radiowebmx.com\/nota\/wp-content\/uploads\/2016\/03\/a71b439f-e3b6-4bfb-9ee7-0606059d2a47-300x164.jpg 300w\" sizes=\"auto, (max-width: 591px) 100vw, 591px\" \/><\/a><\/p>\n<p>Ello, a trav\u00e9s de programas como el Encuentro de J\u00f3venes Investigadores, la convocatoria de Becas-Tesis, el programa de Incorporaci\u00f3n de Mujeres Ind\u00edgenas en Posgrados para el Fortalecimiento Regional y los apoyos para realizar Posgrados en el Extranjero, en los que se ha reportado una importante participaci\u00f3n femenina.<\/p>\n<p>Cabe recordar que en alcance a los objetivos del desarrollo del Milenio, la Organizaci\u00f3n de las Naciones Unidas ha lanzado la Agenda 2030 para el Desarrollo Sostenible, cuyo quinto objetivo global pretende lograr igualdad entre los g\u00e9neros y empoderar a todas las mujeres y ni\u00f1as.<\/p>\n<p>Bajo este contexto, lo que desde el sector de la academia, la investigaci\u00f3n, innovaci\u00f3n y desarrollo tecnol\u00f3gico se identifican amplias oportunidades para mejorar la calidad de vida y el acceso a oportunidades entre la poblaci\u00f3n femenina.<\/p>\n<p>En el entorno global los datos son alentadores, pues resalta la cada vez mayor participaci\u00f3n de la mujer en el desarrollo tecno-cient\u00edfico, liderando \u00e1reas como la medicina y la qu\u00edmica, e involucr\u00e1ndose en campos emergentes como la biotecnolog\u00eda, ciencias ambientales y energ\u00edas renovables.<\/p>\n<p>En M\u00e9xico se observa una evoluci\u00f3n positiva en el incremento de la participaci\u00f3n de la mujer en el quehacer cient\u00edfico; por ejemplo, en 1990 menos del 15 por ciento del total de investigadores pertenecientes al Sistema Nacional de Investigadores (SNI) eran mujeres, y para 2013 dicha proporci\u00f3n era cercana al 35 por ciento, al tener m\u00e1s de 6 mil investigadoras con dicho nombramiento, destacando en las \u00e1reas de humanidades, ciencias de la conducta, biolog\u00eda y qu\u00edmica.<\/p>\n<p>Adem\u00e1s, representan m\u00e1s del 40 por ciento del total de las becas para estudiar posgrados en el extranjero, el 45 por ciento de las Estancias Posdoctorales Nacionales y el 47 por ciento de las becas nacionales otorgadas en el Programa Nacional de Posgrados de Calidad.<\/p>\n<p>Para el caso de Michoac\u00e1n, alrededor del 30 por ciento de los miembros del SNI son mujeres, por lo que se han implementado acciones y programas que buscan una mayor participaci\u00f3n de la mujer en la ciencia, de manera que la pol\u00edtica p\u00fablica en materia de innovaci\u00f3n, ciencia y desarrollo tecnol\u00f3gico cuente con un enfoque inclusivo y transversal respecto a la equidad de g\u00e9nero.<\/p>\n<p>Al respecto, la encargada del despacho de la SICDET, Patricia Flores Anguiano, destac\u00f3 que entre las l\u00edneas de trabajo de la dependencia se considera un impulso prioritario a las ni\u00f1as, j\u00f3venes y mujeres en todos los sectores sociales, ya sea para potencializar su acceso a oportunidades formativas, como para empoderarlas a trav\u00e9s de la innovaci\u00f3n productivo-econ\u00f3mica y, desde luego, en el sentido de fomentar su inclusi\u00f3n al sector de innovaci\u00f3n, ciencia y desarrollo tecnol\u00f3gico.<\/p>\n<p>Agreg\u00f3 que las estrategias que fomentan la equidad en los sectores acad\u00e9micos, econ\u00f3micos y productivos, no son una prerrogativa ni una d\u00e1diva, por el contrario, se trata de esfuerzos fundamentales en el \u00e1nimo de construir sociedades m\u00e1s justas, plurales e incluyentes.<\/p>\n","protected":false},"excerpt":{"rendered":"<p>En seguimiento al compromiso adquirido por el Gobernador Silvano Aureoles Conejo de identificar los mecanismos para brindar atenci\u00f3n transversal a las michoacanas,<\/p>\n","protected":false},"author":1,"featured_media":22001,"comment_status":"open","ping_status":"open","sticky":false,"template":"","format":"standard","meta":{"footnotes":""},"categories":[14,3],"tags":[],"class_list":["post-22000","post","type-post","status-publish","format-standard","has-post-thumbnail","hentry","category-destacadas","category-gobierno-del-estado-de-michoacan"],"_links":{"self":[{"href":"https:\/\/radiowebmx.com\/nota\/wp-json\/wp\/v2\/posts\/22000","targetHints":{"allow":["GET"]}}],"collection":[{"href":"https:\/\/radiowebmx.com\/nota\/wp-json\/wp\/v2\/posts"}],"about":[{"href":"https:\/\/radiowebmx.com\/nota\/wp-json\/wp\/v2\/types\/post"}],"author":[{"embeddable":true,"href":"https:\/\/radiowebmx.com\/nota\/wp-json\/wp\/v2\/users\/1"}],"replies":[{"embeddable":true,"href":"https:\/\/radiowebmx.com\/nota\/wp-json\/wp\/v2\/comments?post=22000"}],"version-history":[{"count":1,"href":"https:\/\/radiowebmx.com\/nota\/wp-json\/wp\/v2\/posts\/22000\/revisions"}],"predecessor-version":[{"id":22002,"href":"https:\/\/radiowebmx.com\/nota\/wp-json\/wp\/v2\/posts\/22000\/revisions\/22002"}],"wp:featuredmedia":[{"embeddable":true,"href":"https:\/\/radiowebmx.com\/nota\/wp-json\/wp\/v2\/media\/22001"}],"wp:attachment":[{"href":"https:\/\/radiowebmx.com\/nota\/wp-json\/wp\/v2\/media?parent=22000"}],"wp:term":[{"taxonomy":"category","embeddable":true,"href":"https:\/\/radiowebmx.com\/nota\/wp-json\/wp\/v2\/categories?post=22000"},{"taxonomy":"post_tag","embeddable":true,"href":"https:\/\/radiowebmx.com\/nota\/wp-json\/wp\/v2\/tags?post=22000"}],"curies":[{"name":"wp","href":"https:\/\/api.w.org\/{rel}","templated":true}]}}