{"id":21991,"date":"2016-03-08T12:02:50","date_gmt":"2016-03-08T18:02:50","guid":{"rendered":"https:\/\/radiowebmx.com\/nota\/?p=21991"},"modified":"2016-03-08T12:02:50","modified_gmt":"2016-03-08T18:02:50","slug":"la-proam-y-el-congreso-local-por-fortalecer-la-legislacion-en-materia-ambiental","status":"publish","type":"post","link":"https:\/\/radiowebmx.com\/nota\/la-proam-y-el-congreso-local-por-fortalecer-la-legislacion-en-materia-ambiental\/","title":{"rendered":"La ProAm y el Congreso local, por fortalecer la legislaci\u00f3n en materia ambiental"},"content":{"rendered":"<p><a href=\"https:\/\/radiowebmx.com\/nota\/wp-content\/uploads\/2016\/03\/87ab63af-3cef-47d0-bea3-1447b7d18a8b.jpg\"><img loading=\"lazy\" decoding=\"async\" class=\"alignleft size-full wp-image-21992\" src=\"https:\/\/radiowebmx.com\/nota\/wp-content\/uploads\/2016\/03\/87ab63af-3cef-47d0-bea3-1447b7d18a8b.jpg\" alt=\"87ab63af-3cef-47d0-bea3-1447b7d18a8b\" width=\"591\" height=\"309\" srcset=\"https:\/\/radiowebmx.com\/nota\/wp-content\/uploads\/2016\/03\/87ab63af-3cef-47d0-bea3-1447b7d18a8b.jpg 591w, https:\/\/radiowebmx.com\/nota\/wp-content\/uploads\/2016\/03\/87ab63af-3cef-47d0-bea3-1447b7d18a8b-300x157.jpg 300w\" sizes=\"auto, (max-width: 591px) 100vw, 591px\" \/><\/a>Como resultado de la mesa de trabajo entre el titular de la Procuradur\u00eda de Protecci\u00f3n al Ambiente de Michoac\u00e1n (ProAm), Juan Carlos Vega, y la diputada de la Comisi\u00f3n de Desarrollo Sustentable y Medio Ambiente del Congreso del Estado, Juanita Noem\u00ed Ram\u00edrez Bravo, se propusieron acciones conducentes en pro del medio ambiente, destacando la elaboraci\u00f3n del reglamento correspondiente a la Ley Ambiental para el Desarrollo Sustentable del Estado de Michoac\u00e1n de Ocampo.<\/p>\n<p>Las acciones propuestas para programar en la comisi\u00f3n de referencia se enfocar\u00e1n en ampliar las fuentes de ingresos del Fondo Ambiental del Estado de Michoac\u00e1n; identificar el rezago legislativo de la reglamentaci\u00f3n correspondiente a la responsabilidad ambiental (gesti\u00f3n de residuos s\u00f3lidos y cambio clim\u00e1tico); y respaldar el trabajo del Consejo Estatal de Ecolog\u00eda como espacio p\u00fablico de participaci\u00f3n ciudadana de apoyo a la gesti\u00f3n ambiental del estado.<\/p>\n<p>A estas acciones se sumar\u00e1 la calendarizaci\u00f3n peri\u00f3dica de mesas de trabajo para dar cabal seguimiento a las labores, compromiso que la ProAm como autoridad ambiental estatal asume como necesarias para fortalecer la protecci\u00f3n al medio ambiente.<\/p>\n","protected":false},"excerpt":{"rendered":"<p>Como resultado de la mesa de trabajo entre el titular de la ProAm, Juan Carlos Vega, y la diputada de la Comisi\u00f3n de Desarrollo Sustentable y Medio Ambiente del Congreso del Estado, Juanita Noem\u00ed Ram\u00edrez Bravo,<\/p>\n","protected":false},"author":1,"featured_media":21992,"comment_status":"open","ping_status":"open","sticky":false,"template":"","format":"standard","meta":{"footnotes":""},"categories":[14,3],"tags":[],"class_list":["post-21991","post","type-post","status-publish","format-standard","has-post-thumbnail","hentry","category-destacadas","category-gobierno-del-estado-de-michoacan"],"_links":{"self":[{"href":"https:\/\/radiowebmx.com\/nota\/wp-json\/wp\/v2\/posts\/21991","targetHints":{"allow":["GET"]}}],"collection":[{"href":"https:\/\/radiowebmx.com\/nota\/wp-json\/wp\/v2\/posts"}],"about":[{"href":"https:\/\/radiowebmx.com\/nota\/wp-json\/wp\/v2\/types\/post"}],"author":[{"embeddable":true,"href":"https:\/\/radiowebmx.com\/nota\/wp-json\/wp\/v2\/users\/1"}],"replies":[{"embeddable":true,"href":"https:\/\/radiowebmx.com\/nota\/wp-json\/wp\/v2\/comments?post=21991"}],"version-history":[{"count":1,"href":"https:\/\/radiowebmx.com\/nota\/wp-json\/wp\/v2\/posts\/21991\/revisions"}],"predecessor-version":[{"id":21993,"href":"https:\/\/radiowebmx.com\/nota\/wp-json\/wp\/v2\/posts\/21991\/revisions\/21993"}],"wp:featuredmedia":[{"embeddable":true,"href":"https:\/\/radiowebmx.com\/nota\/wp-json\/wp\/v2\/media\/21992"}],"wp:attachment":[{"href":"https:\/\/radiowebmx.com\/nota\/wp-json\/wp\/v2\/media?parent=21991"}],"wp:term":[{"taxonomy":"category","embeddable":true,"href":"https:\/\/radiowebmx.com\/nota\/wp-json\/wp\/v2\/categories?post=21991"},{"taxonomy":"post_tag","embeddable":true,"href":"https:\/\/radiowebmx.com\/nota\/wp-json\/wp\/v2\/tags?post=21991"}],"curies":[{"name":"wp","href":"https:\/\/api.w.org\/{rel}","templated":true}]}}