{"id":21952,"date":"2016-03-07T13:32:53","date_gmt":"2016-03-07T19:32:53","guid":{"rendered":"https:\/\/radiowebmx.com\/nota\/?p=21952"},"modified":"2016-03-07T13:33:19","modified_gmt":"2016-03-07T19:33:19","slug":"anuncia-dif-morelia-ciclo-de-conferencias-y-actividades-con-motivo-del-dia-mundial-de-la-rehabilitacion","status":"publish","type":"post","link":"https:\/\/radiowebmx.com\/nota\/anuncia-dif-morelia-ciclo-de-conferencias-y-actividades-con-motivo-del-dia-mundial-de-la-rehabilitacion\/","title":{"rendered":"Anuncia DIF Morelia ciclo de conferencias y actividades con motivo del D\u00eda Mundial de la Rehabilitaci\u00f3n"},"content":{"rendered":"<p><a href=\"https:\/\/radiowebmx.com\/nota\/wp-content\/uploads\/2016\/03\/a0d62aca-c49a-44ac-9b75-2fdc2dba70bf.jpg\"><img loading=\"lazy\" decoding=\"async\" class=\"alignleft size-full wp-image-21953\" src=\"https:\/\/radiowebmx.com\/nota\/wp-content\/uploads\/2016\/03\/a0d62aca-c49a-44ac-9b75-2fdc2dba70bf.jpg\" alt=\"a0d62aca-c49a-44ac-9b75-2fdc2dba70bf\" width=\"591\" height=\"393\" srcset=\"https:\/\/radiowebmx.com\/nota\/wp-content\/uploads\/2016\/03\/a0d62aca-c49a-44ac-9b75-2fdc2dba70bf.jpg 591w, https:\/\/radiowebmx.com\/nota\/wp-content\/uploads\/2016\/03\/a0d62aca-c49a-44ac-9b75-2fdc2dba70bf-300x199.jpg 300w\" sizes=\"auto, (max-width: 591px) 100vw, 591px\" \/><\/a>Con motivo del D\u00eda Mundial de la Rehabilitaci\u00f3n a celebrarse el 23 de marzo, el DIF Morelia, llevar\u00e1 a cabo un ciclo de conferencias, talleres y actividades el pr\u00f3ximo martes 15 de marzo en las instalaciones del Centro de Atenci\u00f3n a la Cultura de la Discapacidad (CAICD) a fin de promover la cultura de la discapacidad y la inclusi\u00f3n.<\/p>\n<p>El evento se llevar\u00e1 a cabo de manera conjunta entre el CAICD y la Estancia Diurna del Adulto Mayor (EDAM), puesto que ambas dependencias del DIF Morelia cuentan con \u00e1reas y especialistas en materia de rehabilitaci\u00f3n.<\/p>\n<p>Si bien la invitaci\u00f3n es abierta a todo p\u00fablico, el evento est\u00e1 dirigido a las asociaciones para personas con discapacidad, instituciones de salud y a universidades e instituciones educativas interesados en temas relacionados como la psicoterapia y enfermer\u00eda.<\/p>\n<p>Las actividades comenzaran a partir de las 8:30 horas con una macro din\u00e1mica en la que podr\u00e1n participar principalmente ni\u00f1os con discapacidad bajo la supervisi\u00f3n de los fisioterapeutas del DIF Morelia, para posteriormente llevar a cabo un acto protocolario con las autoridades municipales, y a partir de las 10:30 horas comenzar con el ciclo de conferencias y talleres.<\/p>\n<p>La m\u00e9dico especialista en rehabilitaci\u00f3n, Evelyn Janette Rico L\u00f3pez, otorgar\u00e1 la conferencia magistral, denominada &#8220;La Importancia de la Rehabilitaci\u00f3n&#8221;; seguida de los talleres y conferencias con los temas de estimulaci\u00f3n temprana, higiene de columna y movilizaci\u00f3n de paciente en cama.<\/p>\n<p>Asimismo, los asistentes podr\u00e1n escuchar el testimonio de vida a cargo de una de las usuarias del \u00e1rea de rehabilitaci\u00f3n del CAICD, quien adquiri\u00f3 una discapacidad despu\u00e9s de una intervenci\u00f3n m\u00e9dica y actualmente est\u00e1 en proceso de rehabilitaci\u00f3n.<\/p>\n<p>El evento cerrar\u00e1 con una conferencia de tanatolog\u00eda titulada \u201cAceptaci\u00f3n de la Discapacidad por Perdida\u201d, con el prop\u00f3sito de comprender el proceso que viven quienes han adquirido una discapacidad.<\/p>\n","protected":false},"excerpt":{"rendered":"<p>Con motivo del D\u00eda Mundial de la Rehabilitaci\u00f3n a celebrarse el 23 de marzo, el DIF Morelia, llevar\u00e1 a cabo un ciclo de conferencias, <\/p>\n","protected":false},"author":1,"featured_media":21953,"comment_status":"open","ping_status":"open","sticky":false,"template":"","format":"standard","meta":{"footnotes":""},"categories":[14,9],"tags":[],"class_list":["post-21952","post","type-post","status-publish","format-standard","has-post-thumbnail","hentry","category-destacadas","category-morelia"],"_links":{"self":[{"href":"https:\/\/radiowebmx.com\/nota\/wp-json\/wp\/v2\/posts\/21952","targetHints":{"allow":["GET"]}}],"collection":[{"href":"https:\/\/radiowebmx.com\/nota\/wp-json\/wp\/v2\/posts"}],"about":[{"href":"https:\/\/radiowebmx.com\/nota\/wp-json\/wp\/v2\/types\/post"}],"author":[{"embeddable":true,"href":"https:\/\/radiowebmx.com\/nota\/wp-json\/wp\/v2\/users\/1"}],"replies":[{"embeddable":true,"href":"https:\/\/radiowebmx.com\/nota\/wp-json\/wp\/v2\/comments?post=21952"}],"version-history":[{"count":2,"href":"https:\/\/radiowebmx.com\/nota\/wp-json\/wp\/v2\/posts\/21952\/revisions"}],"predecessor-version":[{"id":21956,"href":"https:\/\/radiowebmx.com\/nota\/wp-json\/wp\/v2\/posts\/21952\/revisions\/21956"}],"wp:featuredmedia":[{"embeddable":true,"href":"https:\/\/radiowebmx.com\/nota\/wp-json\/wp\/v2\/media\/21953"}],"wp:attachment":[{"href":"https:\/\/radiowebmx.com\/nota\/wp-json\/wp\/v2\/media?parent=21952"}],"wp:term":[{"taxonomy":"category","embeddable":true,"href":"https:\/\/radiowebmx.com\/nota\/wp-json\/wp\/v2\/categories?post=21952"},{"taxonomy":"post_tag","embeddable":true,"href":"https:\/\/radiowebmx.com\/nota\/wp-json\/wp\/v2\/tags?post=21952"}],"curies":[{"name":"wp","href":"https:\/\/api.w.org\/{rel}","templated":true}]}}