{"id":21939,"date":"2016-03-07T13:11:05","date_gmt":"2016-03-07T19:11:05","guid":{"rendered":"https:\/\/radiowebmx.com\/nota\/?p=21939"},"modified":"2016-03-07T13:11:23","modified_gmt":"2016-03-07T19:11:23","slug":"capacitacion-a-funcionarios-publicos-para-fortalecer-calidad-de-servicios","status":"publish","type":"post","link":"https:\/\/radiowebmx.com\/nota\/capacitacion-a-funcionarios-publicos-para-fortalecer-calidad-de-servicios\/","title":{"rendered":"Capacitaci\u00f3n a funcionarios p\u00fablicos para fortalecer calidad de servicios"},"content":{"rendered":"<div>\n<p>Como parte de los procesos de capacitaci\u00f3n de servidores p\u00fablicos, la Subsecretar\u00eda de Administraci\u00f3n e Innovaci\u00f3n de Procesos de la Secretar\u00eda de Finanzas y Administraci\u00f3n (SFA), a trav\u00e9s de la Direcci\u00f3n de Capacitaci\u00f3n y Profesionalizaci\u00f3n, pone a disposici\u00f3n de los trabajadores del Gobierno del Estado cursos para fortalecer la calidad de los servicios que se brindan a la poblaci\u00f3n.<\/p>\n<p>Estos cursos, en conjunto con los convenios de colaboraci\u00f3n que se han signado con instituciones educativas de nivel superior, como las Universidades Interamericana para el Desarrollo, de Morelia, de Durango y Nova Hispania, as\u00ed como el Instituto Michoacano de Ciencias de la Educaci\u00f3n (IMCED), tienen por objetivo fortalecer la profesionalizaci\u00f3n de los servicios otorgados por el Gobierno estatal a la poblaci\u00f3n en general. Se estima que estas acciones beneficiar\u00e1n a alrededor de 4 mil servidores p\u00fablicos de la entidad.<\/p>\n<p>El calendario de los cursos es publicado mensualmente en el sitio de la Direcci\u00f3n de Capacitaci\u00f3n y Profesionalizaci\u00f3n, al que se puede ingresar a trav\u00e9s de link capacitacion010.wix.com\/capacitaci\u00f3n. Es importante se\u00f1alar que para poder acceder al sitio se deber\u00e1 escribir el link anterior en la barra de direcciones del buscador Internet Explorer.<\/p>\n<p>De igual manera, dicha Direcci\u00f3n pone a disposici\u00f3n toda la informaci\u00f3n de los eventos, cursos y oferta educativa en el perfil de Facebook y Twitter Capacitaci\u00f3n Michoac\u00e1n.<\/p>\n<p>Las dependencias interesadas en realizar cursos cerrados para sus empleados deber\u00e1n tomar en cuenta un m\u00ednimo de 15 servidores p\u00fablicos participantes.<\/p>\n<p>La oferta educativa para este a\u00f1o es la siguiente:<\/p>\n<\/div>\n<table border=\"1\" cellspacing=\"0\" cellpadding=\"0\">\n<tbody>\n<tr>\n<td>Diplomado<\/td>\n<td>Total de horas<\/td>\n<\/tr>\n<tr>\n<td>Gerencia de Calidad y Productividad<\/td>\n<td>130<\/td>\n<\/tr>\n<tr>\n<td>Desarrollo de Capacidades para el Servicio P\u00fablico<\/td>\n<td>160<\/td>\n<\/tr>\n<tr>\n<td>Actualizaci\u00f3n en Derecho<\/td>\n<td>120<\/td>\n<\/tr>\n<tr>\n<td>Actualizaci\u00f3n en General<\/td>\n<td>100<\/td>\n<\/tr>\n<tr>\n<td>Comunicaci\u00f3n Organizacional<\/td>\n<td>120<\/td>\n<\/tr>\n<tr>\n<td>Finanzas<\/td>\n<td>120<\/td>\n<\/tr>\n<tr>\n<td>Desarrollo de Habilidades Pedag\u00f3gicas<\/td>\n<td>120<\/td>\n<\/tr>\n<\/tbody>\n<\/table>\n<div><\/div>\n<table border=\"1\" cellspacing=\"0\" cellpadding=\"0\">\n<tbody>\n<tr>\n<td>Obra P\u00fablica<\/td>\n<td>300<\/td>\n<\/tr>\n<tr>\n<td>Orientaci\u00f3n Familiar<\/td>\n<td>140<\/td>\n<\/tr>\n<tr>\n<td>Jornadas<\/td>\n<td>9<\/td>\n<\/tr>\n<tr>\n<td>Contabilidad para no contadores<\/td>\n<td>120<\/td>\n<\/tr>\n<tr>\n<td>Desarrollo de Potencial Humano<\/td>\n<td>140<\/td>\n<\/tr>\n<tr>\n<td>Ingl\u00e9s (b\u00e1sico, intermedio y avanzado)<\/td>\n<td>720<br \/>\n(3 niveles)<\/td>\n<\/tr>\n<tr>\n<td>Herramientas Interiores Sistema Biopsie para Servidores P\u00fablicos<\/td>\n<td>120<\/td>\n<\/tr>\n<tr>\n<td>Desarrollo de Capacidades de Redacci\u00f3n y Linguistica<\/td>\n<td>120<\/td>\n<\/tr>\n<tr>\n<td>Ms Office (b\u00e1sico, intermedio, avanzado)<\/td>\n<td>320<br \/>\n(3 niveles)<\/td>\n<\/tr>\n<tr>\n<td>Herramientas Inform\u00e1ticas Contables<\/td>\n<td>140<\/td>\n<\/tr>\n<tr>\n<td>Herramientas Inform\u00e1ticas de Programaci\u00f3n<\/td>\n<td>440<\/td>\n<\/tr>\n<tr>\n<td>Herramientas Inform\u00e1ticas de Dise\u00f1o<\/td>\n<td>200<\/td>\n<\/tr>\n<tr>\n<td>Herramientas Inform\u00e1ticas de Base de Datos<\/td>\n<td>160<\/td>\n<\/tr>\n<tr>\n<td>Formaci\u00f3n Educativa<\/td>\n<td>120<\/td>\n<\/tr>\n<tr>\n<td>Perspectiva de G\u00e9nero<\/td>\n<td>120<\/td>\n<\/tr>\n<tr>\n<td>Seguridad y Salud en el Trabajo<\/td>\n<td>120<\/td>\n<\/tr>\n<tr>\n<td>Talleres Pr\u00e1cticos de Mantenimiento General<\/td>\n<td>120<\/td>\n<\/tr>\n<tr>\n<td>Salud y Bienestar<\/td>\n<td>120<\/td>\n<\/tr>\n<tr>\n<td>Gesti\u00f3n y Habilidades Directivas para la Gerencia P\u00fablica<\/td>\n<td>160<\/td>\n<\/tr>\n<tr>\n<td>Gesti\u00f3n Estrat\u00e9gica del Talento Humano<\/td>\n<td>120<\/td>\n<\/tr>\n<tr>\n<td>Actualizaci\u00f3n Fiscal<\/td>\n<td><\/td>\n<\/tr>\n<tr>\n<td>Desarrollo de Mandos Medios y Superiores<\/td>\n<td>120<\/td>\n<\/tr>\n<tr>\n<td>Desarrollo y Eficacia Organizacional<\/td>\n<td>120<\/td>\n<\/tr>\n<tr>\n<td>Gesti\u00f3n y Desarrollo de Proyectos Sociales<\/td>\n<td>120<\/td>\n<\/tr>\n<\/tbody>\n<\/table>\n<div>Las inscripciones para los cursos del mes de marzo se encuentran abiertas, estos cursos son dirigidos a cualquier servidor p\u00fablico interesado:<\/div>\n<table border=\"1\" cellspacing=\"0\" cellpadding=\"0\">\n<tbody>\n<tr>\n<td><strong>Curso<\/strong><\/td>\n<td><strong>Periodo<\/strong><\/td>\n<\/tr>\n<tr>\n<td>Ingles avanzado 02<\/td>\n<td>14 de marzo al 01 abril<\/td>\n<\/tr>\n<tr>\n<td>Risoterapia activa<\/td>\n<td>07 al 18 de marzo<\/td>\n<\/tr>\n<\/tbody>\n<\/table>\n<div><\/div>\n<table border=\"1\" cellspacing=\"0\" cellpadding=\"0\">\n<tbody>\n<tr>\n<td>Risoterapia activa<\/td>\n<td>28 de marzo al 08 de abril<\/td>\n<\/tr>\n<tr>\n<td>Metodolog\u00eda de las cinco &#8220;s&#8221; organizaci\u00f3n del lugar de trabajo<\/td>\n<td>29 de febrero al 11 de marzo<\/td>\n<\/tr>\n<tr>\n<td>Metodolog\u00eda y herramientas de calidad<\/td>\n<td>14 de marzo al 01 abril<\/td>\n<\/tr>\n<tr>\n<td>Manejo de autoestima<\/td>\n<td>28 de marzo al 08 de abril<\/td>\n<\/tr>\n<tr>\n<td>Liderazgo<\/td>\n<td>28 de marzo al 08 de abril<\/td>\n<\/tr>\n<tr>\n<td>Taller de finanzas personales<\/td>\n<td>28 de marzo al 08 de abril<\/td>\n<\/tr>\n<tr>\n<td>Diplomado en inform\u00e1tica b\u00e1sica<\/td>\n<td>Inicio 10 de marzo (120 horas)<\/td>\n<\/tr>\n<tr>\n<td>Diplomado en inform\u00e1tica intermedia<\/td>\n<td>Inicio 10 de marzo (120 horas)<\/td>\n<\/tr>\n<\/tbody>\n<\/table>\n<div>Para realizar la inscripci\u00f3n a los cursos o a los diplomados antes mencionados, se deber\u00e1 contactar a la Subcomisi\u00f3n de Capacitaci\u00f3n y Adiestramiento de su dependencia; o solicitar informes en los siguientes n\u00fameros y correos:<\/div>\n<ul>\n<li>Tel\u00e9fonos: 315 51 92 y\u00a0299 42 32 (marcaci\u00f3n r\u00e1pida: (9) 2232).<\/li>\n<li>Email: capacitacion010@hotmail.com<\/li>\n<li>Cursos de seguridad e higiene a los\u00a0tel\u00e9fonos: 299 42 33 y 299 42 31.<\/li>\n<li>Cursos para mandos medios y superiores, Departamento de Profesionalizaci\u00f3n a los\u00a0tel\u00e9fonos: 299 42 33 y 299 42 31 (marcaci\u00f3n r\u00e1pida: (9) 2231, 2233).<\/li>\n<li>Email: depaprofesi\u00f3n@gmail.com<\/li>\n<\/ul>\n","protected":false},"excerpt":{"rendered":"<p>Como parte de los procesos de capacitaci\u00f3n de servidores p\u00fablicos, la Subsecretar\u00eda de Administraci\u00f3n e Innovaci\u00f3n de Procesos de la SFA, a trav\u00e9s de la Direcci\u00f3n de Capacitaci\u00f3n y Profesionalizaci\u00f3n,<\/p>\n","protected":false},"author":1,"featured_media":0,"comment_status":"open","ping_status":"open","sticky":false,"template":"","format":"standard","meta":{"footnotes":""},"categories":[3],"tags":[],"class_list":["post-21939","post","type-post","status-publish","format-standard","hentry","category-gobierno-del-estado-de-michoacan"],"_links":{"self":[{"href":"https:\/\/radiowebmx.com\/nota\/wp-json\/wp\/v2\/posts\/21939","targetHints":{"allow":["GET"]}}],"collection":[{"href":"https:\/\/radiowebmx.com\/nota\/wp-json\/wp\/v2\/posts"}],"about":[{"href":"https:\/\/radiowebmx.com\/nota\/wp-json\/wp\/v2\/types\/post"}],"author":[{"embeddable":true,"href":"https:\/\/radiowebmx.com\/nota\/wp-json\/wp\/v2\/users\/1"}],"replies":[{"embeddable":true,"href":"https:\/\/radiowebmx.com\/nota\/wp-json\/wp\/v2\/comments?post=21939"}],"version-history":[{"count":2,"href":"https:\/\/radiowebmx.com\/nota\/wp-json\/wp\/v2\/posts\/21939\/revisions"}],"predecessor-version":[{"id":21941,"href":"https:\/\/radiowebmx.com\/nota\/wp-json\/wp\/v2\/posts\/21939\/revisions\/21941"}],"wp:attachment":[{"href":"https:\/\/radiowebmx.com\/nota\/wp-json\/wp\/v2\/media?parent=21939"}],"wp:term":[{"taxonomy":"category","embeddable":true,"href":"https:\/\/radiowebmx.com\/nota\/wp-json\/wp\/v2\/categories?post=21939"},{"taxonomy":"post_tag","embeddable":true,"href":"https:\/\/radiowebmx.com\/nota\/wp-json\/wp\/v2\/tags?post=21939"}],"curies":[{"name":"wp","href":"https:\/\/api.w.org\/{rel}","templated":true}]}}