{"id":21936,"date":"2016-03-07T13:09:25","date_gmt":"2016-03-07T19:09:25","guid":{"rendered":"https:\/\/radiowebmx.com\/nota\/?p=21936"},"modified":"2016-03-07T13:09:25","modified_gmt":"2016-03-07T19:09:25","slug":"ninas-y-ninos-apatzinguenses-tramitan-su-pasaporte-estadounidense","status":"publish","type":"post","link":"https:\/\/radiowebmx.com\/nota\/ninas-y-ninos-apatzinguenses-tramitan-su-pasaporte-estadounidense\/","title":{"rendered":"Ni\u00f1as y ni\u00f1os apatzinguenses tramitan su pasaporte estadounidense"},"content":{"rendered":"<p><a href=\"https:\/\/radiowebmx.com\/nota\/wp-content\/uploads\/2016\/03\/83e9a79a-3b57-42c1-9e1a-090496e6e6bd.jpg\"><img loading=\"lazy\" decoding=\"async\" class=\"alignleft size-full wp-image-21937\" src=\"https:\/\/radiowebmx.com\/nota\/wp-content\/uploads\/2016\/03\/83e9a79a-3b57-42c1-9e1a-090496e6e6bd.jpg\" alt=\"83e9a79a-3b57-42c1-9e1a-090496e6e6bd\" width=\"591\" height=\"261\" srcset=\"https:\/\/radiowebmx.com\/nota\/wp-content\/uploads\/2016\/03\/83e9a79a-3b57-42c1-9e1a-090496e6e6bd.jpg 591w, https:\/\/radiowebmx.com\/nota\/wp-content\/uploads\/2016\/03\/83e9a79a-3b57-42c1-9e1a-090496e6e6bd-300x132.jpg 300w\" sizes=\"auto, (max-width: 591px) 100vw, 591px\" \/><\/a>La Secretar\u00eda del Migrante (Semigrante), en coordinaci\u00f3n con el Ayuntamiento de Apatzing\u00e1n, llev\u00f3 a 22 michoacanas y michoacanos menores de 16 a\u00f1os que cuentan con doble nacionalidad, acompa\u00f1ados por uno de sus padres, a la Embajada de Estados Unidos ubicada en la Ciudad de M\u00e9xico para realizar por primera vez el tr\u00e1mite de su pasaporte estadounidense, documento que los identifica como ciudadanos del vecino pa\u00eds.<\/p>\n<p>Entre los requisitos necesarios para realizar este tr\u00e1mite destacan agendar una cita, por lo que la Semigrante apoya a los menores agend\u00e1ndoles a todos una misma fecha; tambi\u00e9n los asesora en el llenado de los formatos DS-11 y DS-3053 (con los que el padre que no acompa\u00f1e al menor otorga su consentimiento); y revisa los documentos que deben reunir, con la finalidad de garantizar que todo su expediente est\u00e9 completo, el cual queda sujeto a la aprobaci\u00f3n de la Embajada de Estados Unidos, que es la autoridad competente para emitir este documento.<\/p>\n<p>Al momento de la cita, los menores deber\u00e1n contar con el acta de nacimiento estadounidense, identificaci\u00f3n escolar con fotograf\u00eda, identificaci\u00f3n de ambos padres, dos fotograf\u00edas a color del solicitante de cinco por cinco cent\u00edmetros, y cubrir el costo del pasaporte, que es de 105 d\u00f3lares.<\/p>\n<p>Guadalupe Engracia Garc\u00eda Cort\u00e9s, coordinadora de Pol\u00edticas y Programas Transversales de la Semigrante, quien en representaci\u00f3n del titular de la dependencia, Jos\u00e9 Luis Guti\u00e9rrez, acompa\u00f1\u00f3 a los beneficiarios, dijo que el pasaporte es un documento que les permite a los menores hacer uso de sus derechos, como ingresar a Estados Unidos.<\/p>\n<p>La funcionaria agradeci\u00f3 el trabajo del Centro Municipal de Atenci\u00f3n al Migrante del Ayuntamiento de Apatzing\u00e1n, que encabeza Lilia Pe\u00f1aloza Valencia, as\u00ed como la sensibilidad del alcalde de esa demarcaci\u00f3n, C\u00e9sar Ch\u00e1vez Garibay, por gestionar y pagar el transporte de los menores.<\/p>\n<p>Cabe resaltar que la Embajada Americana env\u00eda a los domicilios de los beneficiarios el pasaporte y los interesados no tienen que realizar pago alguno, excepto el que se indica por el derecho del documento.<\/p>\n","protected":false},"excerpt":{"rendered":"<p>La Semigrante, en coordinaci\u00f3n con el Ayuntamiento de Apatzing\u00e1n, llev\u00f3 a 22 michoacanas y michoacanos menores de 16 a\u00f1os que cuentan con doble nacionalidad, acompa\u00f1ados por uno de sus padres,<\/p>\n","protected":false},"author":1,"featured_media":21937,"comment_status":"open","ping_status":"open","sticky":false,"template":"","format":"standard","meta":{"footnotes":""},"categories":[14,3],"tags":[],"class_list":["post-21936","post","type-post","status-publish","format-standard","has-post-thumbnail","hentry","category-destacadas","category-gobierno-del-estado-de-michoacan"],"_links":{"self":[{"href":"https:\/\/radiowebmx.com\/nota\/wp-json\/wp\/v2\/posts\/21936","targetHints":{"allow":["GET"]}}],"collection":[{"href":"https:\/\/radiowebmx.com\/nota\/wp-json\/wp\/v2\/posts"}],"about":[{"href":"https:\/\/radiowebmx.com\/nota\/wp-json\/wp\/v2\/types\/post"}],"author":[{"embeddable":true,"href":"https:\/\/radiowebmx.com\/nota\/wp-json\/wp\/v2\/users\/1"}],"replies":[{"embeddable":true,"href":"https:\/\/radiowebmx.com\/nota\/wp-json\/wp\/v2\/comments?post=21936"}],"version-history":[{"count":1,"href":"https:\/\/radiowebmx.com\/nota\/wp-json\/wp\/v2\/posts\/21936\/revisions"}],"predecessor-version":[{"id":21938,"href":"https:\/\/radiowebmx.com\/nota\/wp-json\/wp\/v2\/posts\/21936\/revisions\/21938"}],"wp:featuredmedia":[{"embeddable":true,"href":"https:\/\/radiowebmx.com\/nota\/wp-json\/wp\/v2\/media\/21937"}],"wp:attachment":[{"href":"https:\/\/radiowebmx.com\/nota\/wp-json\/wp\/v2\/media?parent=21936"}],"wp:term":[{"taxonomy":"category","embeddable":true,"href":"https:\/\/radiowebmx.com\/nota\/wp-json\/wp\/v2\/categories?post=21936"},{"taxonomy":"post_tag","embeddable":true,"href":"https:\/\/radiowebmx.com\/nota\/wp-json\/wp\/v2\/tags?post=21936"}],"curies":[{"name":"wp","href":"https:\/\/api.w.org\/{rel}","templated":true}]}}