{"id":21915,"date":"2016-03-03T10:51:15","date_gmt":"2016-03-03T16:51:15","guid":{"rendered":"https:\/\/radiowebmx.com\/nota\/?p=21915"},"modified":"2016-03-03T10:51:15","modified_gmt":"2016-03-03T16:51:15","slug":"con-la-mira-puesta-en-los-juegos-paralimpicos-rio-2016-bety-resendiz-viaja-a-merida","status":"publish","type":"post","link":"https:\/\/radiowebmx.com\/nota\/con-la-mira-puesta-en-los-juegos-paralimpicos-rio-2016-bety-resendiz-viaja-a-merida\/","title":{"rendered":"Con la mira puesta en los Juegos Paral\u00edmpicos R\u00edo 2016, Bety Res\u00e9ndiz viaja a M\u00e9rida"},"content":{"rendered":"<p><a href=\"https:\/\/radiowebmx.com\/nota\/wp-content\/uploads\/2016\/03\/d33a8477-153e-429d-a901-cd467dcdddfd.jpg\"><img loading=\"lazy\" decoding=\"async\" class=\"alignleft  wp-image-21916\" src=\"https:\/\/radiowebmx.com\/nota\/wp-content\/uploads\/2016\/03\/d33a8477-153e-429d-a901-cd467dcdddfd.jpg\" alt=\"d33a8477-153e-429d-a901-cd467dcdddfd\" width=\"619\" height=\"366\" \/><\/a>Como parte de su preparaci\u00f3n en b\u00fasqueda de clasificar a los Juegos Paral\u00edmpicos de Rio 2016, la sirena moreliana, Beatriz Res\u00e9ndiz Garc\u00eda, asistir\u00e1 al Abierto Mexicano de Para-nataci\u00f3n 2016, en M\u00e9rida, Yucat\u00e1n, el cual es el \u00faltimo filtro selectivo en el pa\u00eds de cara a la justa veraniega, donde buscar\u00e1 dar su mejor marca en la prueba de los 200 metros, estilo libre.<\/p>\n<p>El Presidente Municipal de Morelia, Alfonso Mart\u00ednez Alc\u00e1zar, a trav\u00e9s del Instituto Municipal de Cultura F\u00edsica y Deporte (IMDE) y su director general, Gustavo Ju\u00e1rez Bedolla, ha respaldado la preparaci\u00f3n de Res\u00e9ndiz Garc\u00eda, quien tiene el objetivo claro de calificar a la m\u00e1xima justa deportiva en el planeta para personas con discapacidad.<\/p>\n<p>Beatriz Res\u00e9ndiz, se coloc\u00f3 como una de las deportistas m\u00e1s destacadas de la ciudad, el estado y del pa\u00eds, cuando el a\u00f1o pasado conquist\u00f3 la medalla de oro en la prueba de 200 metros libres, de la categor\u00eda S14, durante los Juegos Parapanamericanos de Toronto.<\/p>\n<p>\u201cBetty\u201d asistir\u00e1 al Abierto Mexicano de Para-nataci\u00f3n 2016, el cual se desarrollar\u00e1 en M\u00e9rida, Yucat\u00e1n, evento al cual acude solo como preparaci\u00f3n y no para foguearse, puesto que en el pa\u00eds no hay otra nadadora que le pueda competir.<\/p>\n<p>Este evento, es el \u00faltimo de 4 filtros selectivos determinados para calificar a tierras brasile\u00f1as, de entre los cuales se tomar\u00e1 la mejor marca de cada uno de los deportistas para seleccionar al mejor. Los eventos tomados en cuenta fueron: el Mundial de IPC en Glasgow, los Juegos Parapanamericanos de Toronto, un abierto mexicano disputado en noviembre pasado y finalmente este \u00faltimo que tendr\u00e1 lugar en Yucat\u00e1n, del 4 al 6 de marzo.<\/p>\n<p>Beatriz Res\u00e9ndiz competir\u00e1 en las pruebas de 100 metros pecho, 200 metros combinados y su especialidad, los 200 metros libres.<\/p>\n<p>\u201cNos hemos preparado muy fuerte estos \u00faltimos meses, ha sido muy dif\u00edcil, con muchos cambios pero siempre hemos tratado de hacer lo mejor. Lo ideal ser\u00eda mejorar la marca, va a ser un poco complicado porque no hay mucha competencia, soy la m\u00e1s fuerte de toda Latinoam\u00e9rica, pero eso no es pretexto para no hacerlo mejor\u201d, asegur\u00f3 Res\u00e9ndiz Garc\u00eda.<\/p>\n<p>La atleta michoacana, realiza diariamente sesiones de 5 horas de entrenamiento, tanto dentro como fuera de la piscina, adem\u00e1s de laborar como salvavidas en el Complejo Acu\u00e1tico \u201cMedallistas Paral\u00edmpicos\u201d, de la unidad deportiva Morelos-Indeco.<\/p>\n<p>\u201cEl apoyo del ayuntamiento y en espec\u00edfico del IMDE ha sido muy importante en el m\u00e1s reciente lapso de mi carrera, aqu\u00ed trabajo y cuentan con las instalaciones necesarias para que yo pueda entrenar de la mejor manera. Es bueno sentir el respaldo de las autoridades\u201d, extern\u00f3.<\/p>\n<p>La ganadora del Premio al M\u00e9rito Deportivo del a\u00f1o pasado tiene como su mejor marca\u00a0 en estos eventos la realizada en la justa continental, en donde cronometr\u00f3 2 minutos, con 21 segundos y 62 cent\u00e9simas, en 200 metros libres, con lo cual se ubicar\u00eda, de momento, en el quinto puesto del ranking mundial, lugar en el que debe estar dentro del top 8 para afianzar su boleto paral\u00edmpico.<\/p>\n<p>Posteriormente, Res\u00e9ndiz Garc\u00eda planea asistir al Campeonato Europeo de la especialidad, el cual tendr\u00e1 verificativo en Portugal del 30 de abril al 7 de mayo, competencia avalada por el Comit\u00e9 Paral\u00edmpico Internacional (IPC, por sus siglas en ingl\u00e9s), la cual podr\u00eda definir el ranking mundial.<\/p>\n<p>\u201cParticipar en los Juegos es un anhelo para cualquier deportista, es lo m\u00e1ximo que hay en el mundo del deporte y como tal buscamos prepararnos para llegar a ellos\u201d, finaliz\u00f3.<\/p>\n","protected":false},"excerpt":{"rendered":"<p>Como parte de su preparaci\u00f3n en b\u00fasqueda de clasificar a los Juegos Paral\u00edmpicos de Rio 2016, la sirena moreliana, Beatriz Res\u00e9ndiz Garc\u00eda, asistir\u00e1 al Abierto Mexicano de Para-nataci\u00f3n 2016, en M\u00e9rida, Yucat\u00e1n, el cual es el \u00faltimo filtro selectivo en el pa\u00eds de cara a la justa veraniega, donde buscar\u00e1 dar su mejor marca en [&hellip;]<\/p>\n","protected":false},"author":1,"featured_media":21916,"comment_status":"open","ping_status":"open","sticky":false,"template":"","format":"standard","meta":{"footnotes":""},"categories":[14,9],"tags":[],"class_list":["post-21915","post","type-post","status-publish","format-standard","has-post-thumbnail","hentry","category-destacadas","category-morelia"],"_links":{"self":[{"href":"https:\/\/radiowebmx.com\/nota\/wp-json\/wp\/v2\/posts\/21915","targetHints":{"allow":["GET"]}}],"collection":[{"href":"https:\/\/radiowebmx.com\/nota\/wp-json\/wp\/v2\/posts"}],"about":[{"href":"https:\/\/radiowebmx.com\/nota\/wp-json\/wp\/v2\/types\/post"}],"author":[{"embeddable":true,"href":"https:\/\/radiowebmx.com\/nota\/wp-json\/wp\/v2\/users\/1"}],"replies":[{"embeddable":true,"href":"https:\/\/radiowebmx.com\/nota\/wp-json\/wp\/v2\/comments?post=21915"}],"version-history":[{"count":1,"href":"https:\/\/radiowebmx.com\/nota\/wp-json\/wp\/v2\/posts\/21915\/revisions"}],"predecessor-version":[{"id":21917,"href":"https:\/\/radiowebmx.com\/nota\/wp-json\/wp\/v2\/posts\/21915\/revisions\/21917"}],"wp:featuredmedia":[{"embeddable":true,"href":"https:\/\/radiowebmx.com\/nota\/wp-json\/wp\/v2\/media\/21916"}],"wp:attachment":[{"href":"https:\/\/radiowebmx.com\/nota\/wp-json\/wp\/v2\/media?parent=21915"}],"wp:term":[{"taxonomy":"category","embeddable":true,"href":"https:\/\/radiowebmx.com\/nota\/wp-json\/wp\/v2\/categories?post=21915"},{"taxonomy":"post_tag","embeddable":true,"href":"https:\/\/radiowebmx.com\/nota\/wp-json\/wp\/v2\/tags?post=21915"}],"curies":[{"name":"wp","href":"https:\/\/api.w.org\/{rel}","templated":true}]}}