{"id":21907,"date":"2016-03-03T09:29:36","date_gmt":"2016-03-03T15:29:36","guid":{"rendered":"https:\/\/radiowebmx.com\/nota\/?p=21907"},"modified":"2016-03-03T09:29:36","modified_gmt":"2016-03-03T15:29:36","slug":"en-tres-meses-28-operativos-para-regularizar-transporte-publico","status":"publish","type":"post","link":"https:\/\/radiowebmx.com\/nota\/en-tres-meses-28-operativos-para-regularizar-transporte-publico\/","title":{"rendered":"En tres meses, 28 operativos para regularizar transporte p\u00fablico"},"content":{"rendered":"<p>Con el objetivo de regularizar la operaci\u00f3n de los transportistas de la entidad, en los tres \u00faltimos meses la Comisi\u00f3n Coordinadora del Transporte P\u00fablico del Estado de Michoac\u00e1n (Cocotra) ha realizado un total de 28 operativos en las zonas de m\u00e1s conflictivas de la entidad, inform\u00f3 Alejandro Hern\u00e1ndez \u00c1lvarez, director de Operaci\u00f3n del organismo.<\/p>\n<p>\u201cLas instrucciones de la titular de la Cocotra, Julieta Gallardo Mora, son mantener de manera permanente los operativos en Morelia y extenderlos a los dem\u00e1s municipios de la entidad, a fin de garantizarles a los michoacanos un servicio digno y eficiente\u201d, subray\u00f3.<\/p>\n<p>Los operativos realizados por la dependencia se realizan en coordinaci\u00f3n con la Procuradur\u00eda Ambiental, Polic\u00eda y Tr\u00e1nsito estatal y con la Polic\u00eda Federal, que apoyan en la revisi\u00f3n de taxis y colectivos urbanos y suburbanos, detall\u00f3 Hern\u00e1ndez \u00c1lvarez.<\/p>\n<p>Inform\u00f3 que el 30 por ciento de las unidades de transporte revisadas en estos operativos es \u201cpirata\u201d, es decir, que carecen de placas o de cualquier permiso para brindar el servicio. Todas las unidades en esa condici\u00f3n han sido remitidas al corral\u00f3n, enfatiz\u00f3.<\/p>\n<p>Adem\u00e1s de lo anterior, las irregularidades m\u00e1s frecuentes en el transporte p\u00fablico son: carencia de licencia, de seguro de viajero y de la propia unidad, as\u00ed como la instalaci\u00f3n de sitios no autorizados, \u201cque en todos los casos han sido desmantelados con el apoyo de los vecinos\u201d.<\/p>\n<p>En relaci\u00f3n con las multas generadas por la actividad de revisi\u00f3n de las unidades, el director operativo de la Cocotra se\u00f1al\u00f3 que se han logrado recabar m\u00e1s de 600 mil pesos por concepto de multas, aparte de la detenci\u00f3n de los veh\u00edculos no autorizados detectados.<\/p>\n","protected":false},"excerpt":{"rendered":"<p>Con el objetivo de regularizar la operaci\u00f3n de los transportistas de la entidad, en los tres \u00faltimos meses la Cocotra ha realizado un total de 28 operativos en las zonas de m\u00e1s conflictivas de la entidad, inform\u00f3 Alejandro Hern\u00e1ndez \u00c1lvarez, director de Operaci\u00f3n del organismo.<\/p>\n","protected":false},"author":1,"featured_media":0,"comment_status":"open","ping_status":"open","sticky":false,"template":"","format":"standard","meta":{"footnotes":""},"categories":[3],"tags":[],"class_list":["post-21907","post","type-post","status-publish","format-standard","hentry","category-gobierno-del-estado-de-michoacan"],"_links":{"self":[{"href":"https:\/\/radiowebmx.com\/nota\/wp-json\/wp\/v2\/posts\/21907","targetHints":{"allow":["GET"]}}],"collection":[{"href":"https:\/\/radiowebmx.com\/nota\/wp-json\/wp\/v2\/posts"}],"about":[{"href":"https:\/\/radiowebmx.com\/nota\/wp-json\/wp\/v2\/types\/post"}],"author":[{"embeddable":true,"href":"https:\/\/radiowebmx.com\/nota\/wp-json\/wp\/v2\/users\/1"}],"replies":[{"embeddable":true,"href":"https:\/\/radiowebmx.com\/nota\/wp-json\/wp\/v2\/comments?post=21907"}],"version-history":[{"count":1,"href":"https:\/\/radiowebmx.com\/nota\/wp-json\/wp\/v2\/posts\/21907\/revisions"}],"predecessor-version":[{"id":21908,"href":"https:\/\/radiowebmx.com\/nota\/wp-json\/wp\/v2\/posts\/21907\/revisions\/21908"}],"wp:attachment":[{"href":"https:\/\/radiowebmx.com\/nota\/wp-json\/wp\/v2\/media?parent=21907"}],"wp:term":[{"taxonomy":"category","embeddable":true,"href":"https:\/\/radiowebmx.com\/nota\/wp-json\/wp\/v2\/categories?post=21907"},{"taxonomy":"post_tag","embeddable":true,"href":"https:\/\/radiowebmx.com\/nota\/wp-json\/wp\/v2\/tags?post=21907"}],"curies":[{"name":"wp","href":"https:\/\/api.w.org\/{rel}","templated":true}]}}