{"id":21897,"date":"2016-03-02T15:02:04","date_gmt":"2016-03-02T21:02:04","guid":{"rendered":"https:\/\/radiowebmx.com\/nota\/?p=21897"},"modified":"2016-03-02T15:02:04","modified_gmt":"2016-03-02T21:02:04","slug":"alfonso-martinez-comprometido-con-la-capacitacion-empresarial","status":"publish","type":"post","link":"https:\/\/radiowebmx.com\/nota\/alfonso-martinez-comprometido-con-la-capacitacion-empresarial\/","title":{"rendered":"Alfonso Mart\u00ednez, comprometido con la capacitaci\u00f3n empresarial"},"content":{"rendered":"<p><a href=\"https:\/\/radiowebmx.com\/nota\/wp-content\/uploads\/2016\/03\/96f58bf5-057f-4975-89f3-ed293f3fd8d7.jpg\"><img loading=\"lazy\" decoding=\"async\" class=\"alignleft size-full wp-image-21898\" src=\"https:\/\/radiowebmx.com\/nota\/wp-content\/uploads\/2016\/03\/96f58bf5-057f-4975-89f3-ed293f3fd8d7.jpg\" alt=\"96f58bf5-057f-4975-89f3-ed293f3fd8d7\" width=\"591\" height=\"293\" srcset=\"https:\/\/radiowebmx.com\/nota\/wp-content\/uploads\/2016\/03\/96f58bf5-057f-4975-89f3-ed293f3fd8d7.jpg 591w, https:\/\/radiowebmx.com\/nota\/wp-content\/uploads\/2016\/03\/96f58bf5-057f-4975-89f3-ed293f3fd8d7-300x149.jpg 300w\" sizes=\"auto, (max-width: 591px) 100vw, 591px\" \/><\/a>En el af\u00e1n de profesionalizar la operaci\u00f3n administrativa de las micro y peque\u00f1as empresas y la calidad en atenci\u00f3n a clientes, el gobierno municipal de Morelia que encabeza el Alcalde, Alfonso Mart\u00ednez Alc\u00e1zar y la C\u00e1mara Nacional de Comercio, Servicios y Turismo (CANACO SERVYTUR) han logrado fortalecer el Programa de Capacitaci\u00f3n 2016.<\/p>\n<p>Con una afluencia cercana a los 200 asistentes, durante los meses de enero y febrero, se han impartido ocho talleres sobre: Cambios Fiscales y Estrategia Fiscal 2016, Presentaci\u00f3n e Imagen Personal, Finanzas Personales, Contabilidad Electr\u00f3nica, Declaraciones Informativas 2015, El empresario Digital en una Econom\u00eda Basada en el Conocimiento y Declaraciones Anuales 2015, para Personas Morales.<\/p>\n<p>La secretaria de Desarrollo Econ\u00f3mico y Emprendedor de Morelia, Ireri Rivera Garc\u00eda, inform\u00f3 que los temas abordados en cada curso fueron solicitados por los micros y peque\u00f1os empresarios y por sus trabajadores as\u00ed como por la propia agrupaci\u00f3n empresarial basada en las solicitudes de sus agremiados.<\/p>\n<p>Con ello, dijo la funcionaria del Ayuntamiento, se cumple con la instrucci\u00f3n del presidente municipal de crear\u00a0 \u201ctrajes a la medida\u201d de acuerdo a lo que el sector empresarial requiera ya sea en capacitaci\u00f3n, financiamiento y otras acciones que permita un buen manejo administrativo, de servicios, atenci\u00f3n a clientes e inventarios.<\/p>\n<p>La titular de la pol\u00edtica econ\u00f3mica de Morelia, agradeci\u00f3 la confianza de la presidenta de la C\u00e1mara Nacional de Comercio de Morelia (CANACO) Mar\u00eda Guadalupe Morales L\u00f3pez, por lograr un esfuerzo conjunto respondiendo favorablemente al sector comercial y de servicios.<\/p>\n<p>Rivera Garc\u00eda, refrend\u00f3 el compromiso asumido por el gobierno del presidente, Alfonso Mart\u00ednez Alc\u00e1zar de respaldar al sector productivo y empresarial de Morelia, logrando trabajar de la mano para fomentar la econom\u00eda local y la generaci\u00f3n de m\u00e1s y mejores fuentes de empleo para los ciudadanos.<\/p>\n<p>Sobre todo, dijo, cuando se tiene claro que las micro, peque\u00f1as y medianas empresas son el segmento de la econom\u00eda m\u00e1s importante, ya que representan el 99 por ciento de los negocios, seg\u00fan datos del INEGI adem\u00e1s de generar el 80 por ciento de los empleos a nivel nacional, estad\u00edstica que se maneja de forma similar en el estado de Michoac\u00e1n y la ciudad de Morelia.<\/p>\n<p>Para este mes de marzo, los temas a tratar en los \u201cMi\u00e9rcoles de Capacitaci\u00f3n\u201d ser\u00e1n: Declaraci\u00f3n Anual 2015, Social Marketing, Toma de Decisiones y Negociaciones y Relaciones P\u00fablicas para Tu Negocio.<\/p>\n<p>La secretaria de Desarrollo Econ\u00f3mico y Emprendedor, record\u00f3 a los micro empresarios y personal que trabaja en negocios, la oportunidad que tienen de accesar a los cursos sin costo alguno, para ello,\u00a0 \u00fanicamente deber\u00e1n solicitar el bono correspondiente en estas oficinas ubicadas en Circuito Mintzita n\u00famero 470 o comunicarse al tel\u00e9fono 3 22 07 11.<\/p>\n","protected":false},"excerpt":{"rendered":"<p>En el af\u00e1n de profesionalizar la operaci\u00f3n administrativa de las micro y peque\u00f1as empresas y la calidad en atenci\u00f3n a clientes, el gobierno municipal de Morelia que encabeza el Alcalde, <\/p>\n","protected":false},"author":1,"featured_media":21898,"comment_status":"open","ping_status":"open","sticky":false,"template":"","format":"standard","meta":{"footnotes":""},"categories":[14,9],"tags":[],"class_list":["post-21897","post","type-post","status-publish","format-standard","has-post-thumbnail","hentry","category-destacadas","category-morelia"],"_links":{"self":[{"href":"https:\/\/radiowebmx.com\/nota\/wp-json\/wp\/v2\/posts\/21897","targetHints":{"allow":["GET"]}}],"collection":[{"href":"https:\/\/radiowebmx.com\/nota\/wp-json\/wp\/v2\/posts"}],"about":[{"href":"https:\/\/radiowebmx.com\/nota\/wp-json\/wp\/v2\/types\/post"}],"author":[{"embeddable":true,"href":"https:\/\/radiowebmx.com\/nota\/wp-json\/wp\/v2\/users\/1"}],"replies":[{"embeddable":true,"href":"https:\/\/radiowebmx.com\/nota\/wp-json\/wp\/v2\/comments?post=21897"}],"version-history":[{"count":1,"href":"https:\/\/radiowebmx.com\/nota\/wp-json\/wp\/v2\/posts\/21897\/revisions"}],"predecessor-version":[{"id":21899,"href":"https:\/\/radiowebmx.com\/nota\/wp-json\/wp\/v2\/posts\/21897\/revisions\/21899"}],"wp:featuredmedia":[{"embeddable":true,"href":"https:\/\/radiowebmx.com\/nota\/wp-json\/wp\/v2\/media\/21898"}],"wp:attachment":[{"href":"https:\/\/radiowebmx.com\/nota\/wp-json\/wp\/v2\/media?parent=21897"}],"wp:term":[{"taxonomy":"category","embeddable":true,"href":"https:\/\/radiowebmx.com\/nota\/wp-json\/wp\/v2\/categories?post=21897"},{"taxonomy":"post_tag","embeddable":true,"href":"https:\/\/radiowebmx.com\/nota\/wp-json\/wp\/v2\/tags?post=21897"}],"curies":[{"name":"wp","href":"https:\/\/api.w.org\/{rel}","templated":true}]}}