{"id":21894,"date":"2016-03-02T15:00:10","date_gmt":"2016-03-02T21:00:10","guid":{"rendered":"https:\/\/radiowebmx.com\/nota\/?p=21894"},"modified":"2016-03-02T15:00:10","modified_gmt":"2016-03-02T21:00:10","slug":"imumo-se-profesionaliza-para-mejorar-servicio-a-ciudadanos","status":"publish","type":"post","link":"https:\/\/radiowebmx.com\/nota\/imumo-se-profesionaliza-para-mejorar-servicio-a-ciudadanos\/","title":{"rendered":"IMUMO se profesionaliza para mejorar servicio a ciudadanos"},"content":{"rendered":"<p><a href=\"https:\/\/radiowebmx.com\/nota\/wp-content\/uploads\/2016\/03\/c466526b-0461-4a11-a857-ebcd08d9a360.jpg\"><img loading=\"lazy\" decoding=\"async\" class=\"alignleft size-full wp-image-21895\" src=\"https:\/\/radiowebmx.com\/nota\/wp-content\/uploads\/2016\/03\/c466526b-0461-4a11-a857-ebcd08d9a360.jpg\" alt=\"c466526b-0461-4a11-a857-ebcd08d9a360\" width=\"591\" height=\"318\" srcset=\"https:\/\/radiowebmx.com\/nota\/wp-content\/uploads\/2016\/03\/c466526b-0461-4a11-a857-ebcd08d9a360.jpg 591w, https:\/\/radiowebmx.com\/nota\/wp-content\/uploads\/2016\/03\/c466526b-0461-4a11-a857-ebcd08d9a360-300x161.jpg 300w\" sizes=\"auto, (max-width: 591px) 100vw, 591px\" \/><\/a>Como resultado del trabajo de vinculaci\u00f3n con instancias del Gobierno estatal, Ana Mar\u00eda Garc\u00eda Vega, encargada del despacho del Instituto de la Mujer Moreliana (IMUMO), inform\u00f3 que con el apoyo del titular de la Direcci\u00f3n de Capacitaci\u00f3n y Profesionalizaci\u00f3n, a partir de la pr\u00f3xima semana el personal administrativo y directivo de la paramunicipal recibir\u00e1 el curso de capacitaci\u00f3n denominado \u201cCalidad y Calidez en el Servicio\u201d.<\/p>\n<p>\u201cEl objetivo es proporcionar una mejor calidad en el servicio que prestamos a las usuarias, siguiendo la instrucci\u00f3n del Presidente, Alfonso Mart\u00ednez Alc\u00e1zar, a fin generar poco a poco una cultura de igualdad y equidad de g\u00e9nero en el municipio\u201d, afirm\u00f3 la funcionaria municipal.<\/p>\n<p>Personal de los Departamentos de Psicolog\u00eda, de Atenci\u00f3n Jur\u00eddica, Capacitaci\u00f3n as\u00ed como del \u00c1rea Administrativa participar\u00e1n en el taller \u201cCalidad y Calidez en el Servicio\u201d y en el curso de \u201cConstrucciones Socioculturales y Violencia de los Derechos Humanos\u201d, ambos impartidos por instructores de la Direcci\u00f3n de Capacitaci\u00f3n y Profesionalizaci\u00f3n del Gobierno del Estado.<\/p>\n<p>Tras mencionar que con estas capacitaciones el IMUMO arranca una nueva etapa de profesionalizaci\u00f3n de los servidores p\u00fablicos, Garc\u00eda Vega adelant\u00f3 tambi\u00e9n que se tendieron los lazos para que la dependencia estatal pueda apoyar a los empleados municipales en estudios de maestr\u00eda con especialidad de g\u00e9nero y en el nuevo sistema de justicia penal.<\/p>\n<p>Asimismo, dijo que con el apoyo de Norberto Bedolla, de la Direcci\u00f3n de Asuntos Jur\u00eddicos de la administraci\u00f3n municipal, el Ayuntamiento moreliano\u00a0 incorpora este tipo de acciones para que los funcionarios formulen, ejecuten y eval\u00faen pol\u00edticas y programas que les permitan consolidar su incidencia e insertar de manera transversal la perspectiva de g\u00e9nero en la gesti\u00f3n gubernamental.<\/p>\n<p>\u201cLa perspectiva de g\u00e9nero es un concepto que se refiere a la metodolog\u00eda y mecanismos que permiten identificar, cuestionar y valorar la discriminaci\u00f3n, desigualdad y exclusi\u00f3n de las mujeres, que se pretende justificar con base en las diferencias biol\u00f3gicas entre mujeres y hombres, as\u00ed como las acciones que deben emprenderse para actuar sobre los factores de g\u00e9nero y crear las condiciones de cambio que permitan avanzar en la construcci\u00f3n de la igualdad\u201d, finaliz\u00f3 la titular del IMUMO.<\/p>\n","protected":false},"excerpt":{"rendered":"<p>Como resultado del trabajo de vinculaci\u00f3n con instancias del Gobierno estatal, Ana Mar\u00eda Garc\u00eda Vega, encargada del despacho del IMUMO,<\/p>\n","protected":false},"author":1,"featured_media":21895,"comment_status":"open","ping_status":"open","sticky":false,"template":"","format":"standard","meta":{"footnotes":""},"categories":[14,9],"tags":[],"class_list":["post-21894","post","type-post","status-publish","format-standard","has-post-thumbnail","hentry","category-destacadas","category-morelia"],"_links":{"self":[{"href":"https:\/\/radiowebmx.com\/nota\/wp-json\/wp\/v2\/posts\/21894","targetHints":{"allow":["GET"]}}],"collection":[{"href":"https:\/\/radiowebmx.com\/nota\/wp-json\/wp\/v2\/posts"}],"about":[{"href":"https:\/\/radiowebmx.com\/nota\/wp-json\/wp\/v2\/types\/post"}],"author":[{"embeddable":true,"href":"https:\/\/radiowebmx.com\/nota\/wp-json\/wp\/v2\/users\/1"}],"replies":[{"embeddable":true,"href":"https:\/\/radiowebmx.com\/nota\/wp-json\/wp\/v2\/comments?post=21894"}],"version-history":[{"count":1,"href":"https:\/\/radiowebmx.com\/nota\/wp-json\/wp\/v2\/posts\/21894\/revisions"}],"predecessor-version":[{"id":21896,"href":"https:\/\/radiowebmx.com\/nota\/wp-json\/wp\/v2\/posts\/21894\/revisions\/21896"}],"wp:featuredmedia":[{"embeddable":true,"href":"https:\/\/radiowebmx.com\/nota\/wp-json\/wp\/v2\/media\/21895"}],"wp:attachment":[{"href":"https:\/\/radiowebmx.com\/nota\/wp-json\/wp\/v2\/media?parent=21894"}],"wp:term":[{"taxonomy":"category","embeddable":true,"href":"https:\/\/radiowebmx.com\/nota\/wp-json\/wp\/v2\/categories?post=21894"},{"taxonomy":"post_tag","embeddable":true,"href":"https:\/\/radiowebmx.com\/nota\/wp-json\/wp\/v2\/tags?post=21894"}],"curies":[{"name":"wp","href":"https:\/\/api.w.org\/{rel}","templated":true}]}}