{"id":21891,"date":"2016-03-02T14:57:25","date_gmt":"2016-03-02T20:57:25","guid":{"rendered":"https:\/\/radiowebmx.com\/nota\/?p=21891"},"modified":"2016-03-02T14:57:25","modified_gmt":"2016-03-02T20:57:25","slug":"el-conalep-previene-la-violencia-contra-la-mujer-y-los-trastornos-alimenticios","status":"publish","type":"post","link":"https:\/\/radiowebmx.com\/nota\/el-conalep-previene-la-violencia-contra-la-mujer-y-los-trastornos-alimenticios\/","title":{"rendered":"El Conalep previene la violencia contra la mujer y los trastornos alimenticios"},"content":{"rendered":"<p><a href=\"https:\/\/radiowebmx.com\/nota\/wp-content\/uploads\/2016\/03\/0d0941b5-838f-46cf-a6b8-bccbab4d80a4.jpg\"><img loading=\"lazy\" decoding=\"async\" class=\"alignleft size-full wp-image-21892\" src=\"https:\/\/radiowebmx.com\/nota\/wp-content\/uploads\/2016\/03\/0d0941b5-838f-46cf-a6b8-bccbab4d80a4.jpg\" alt=\"0d0941b5-838f-46cf-a6b8-bccbab4d80a4\" width=\"591\" height=\"305\" srcset=\"https:\/\/radiowebmx.com\/nota\/wp-content\/uploads\/2016\/03\/0d0941b5-838f-46cf-a6b8-bccbab4d80a4.jpg 591w, https:\/\/radiowebmx.com\/nota\/wp-content\/uploads\/2016\/03\/0d0941b5-838f-46cf-a6b8-bccbab4d80a4-300x155.jpg 300w\" sizes=\"auto, (max-width: 591px) 100vw, 591px\" \/><\/a>La violencia contra la mujer, la bulimia y la anorexia fueron los temas abordados durante una conferencia dirigida a alumnos y alumnas del Colegio de Educaci\u00f3n Profesional T\u00e9cnica del Estado (Conalep) Michoac\u00e1n, plantel Zamora.<\/p>\n<p>Personal de la Secretar\u00eda de Igualdad Sustantiva y Desarrollo de las Mujeres Michoacanas (Seimujer), atendi\u00f3 a un grupo de 76 estudiantes, a quienes posterior a la charla informativa ofrecieron atenci\u00f3n personalizada.<\/p>\n<p>La \u00a0directora del Conalep Michoac\u00e1n, Minerva Bautista G\u00f3mez, indic\u00f3 que es tarea de los directivos y profesores de la instituci\u00f3n abordar este tipo de problem\u00e1ticas para detectarlas a tiempo y evitarlas.<\/p>\n<p>Resalt\u00f3 que las y los alumnos del subsistema replicar\u00e1n la informaci\u00f3n con familiares y amigos, formando una cadena contra la violencia hacia la mujer y los trastornos alimenticios.<\/p>\n<p>Bautista G\u00f3mez se\u00f1al\u00f3 que atender a la poblaci\u00f3n femenina para su desarrollo en los diversos sectores es una prioridad del Gobierno del Estado, que encabeza Silvano Aureoles Conejo.<\/p>\n<p>En el marco de la celebraci\u00f3n del D\u00eda Internacional de la Mujer, se tiene previsto que en los planteles del subsistema se aborde el tema de la prevenci\u00f3n de la violencia contra las mujeres.<\/p>\n","protected":false},"excerpt":{"rendered":"<p>La violencia contra la mujer, la bulimia y la anorexia fueron los temas abordados durante una conferencia dirigida a alumnos y alumnas del Conalep Michoac\u00e1n, plantel Zamora.<\/p>\n","protected":false},"author":1,"featured_media":21892,"comment_status":"open","ping_status":"open","sticky":false,"template":"","format":"standard","meta":{"footnotes":""},"categories":[14,3],"tags":[],"class_list":["post-21891","post","type-post","status-publish","format-standard","has-post-thumbnail","hentry","category-destacadas","category-gobierno-del-estado-de-michoacan"],"_links":{"self":[{"href":"https:\/\/radiowebmx.com\/nota\/wp-json\/wp\/v2\/posts\/21891","targetHints":{"allow":["GET"]}}],"collection":[{"href":"https:\/\/radiowebmx.com\/nota\/wp-json\/wp\/v2\/posts"}],"about":[{"href":"https:\/\/radiowebmx.com\/nota\/wp-json\/wp\/v2\/types\/post"}],"author":[{"embeddable":true,"href":"https:\/\/radiowebmx.com\/nota\/wp-json\/wp\/v2\/users\/1"}],"replies":[{"embeddable":true,"href":"https:\/\/radiowebmx.com\/nota\/wp-json\/wp\/v2\/comments?post=21891"}],"version-history":[{"count":1,"href":"https:\/\/radiowebmx.com\/nota\/wp-json\/wp\/v2\/posts\/21891\/revisions"}],"predecessor-version":[{"id":21893,"href":"https:\/\/radiowebmx.com\/nota\/wp-json\/wp\/v2\/posts\/21891\/revisions\/21893"}],"wp:featuredmedia":[{"embeddable":true,"href":"https:\/\/radiowebmx.com\/nota\/wp-json\/wp\/v2\/media\/21892"}],"wp:attachment":[{"href":"https:\/\/radiowebmx.com\/nota\/wp-json\/wp\/v2\/media?parent=21891"}],"wp:term":[{"taxonomy":"category","embeddable":true,"href":"https:\/\/radiowebmx.com\/nota\/wp-json\/wp\/v2\/categories?post=21891"},{"taxonomy":"post_tag","embeddable":true,"href":"https:\/\/radiowebmx.com\/nota\/wp-json\/wp\/v2\/tags?post=21891"}],"curies":[{"name":"wp","href":"https:\/\/api.w.org\/{rel}","templated":true}]}}