{"id":21879,"date":"2016-03-02T13:17:29","date_gmt":"2016-03-02T19:17:29","guid":{"rendered":"https:\/\/radiowebmx.com\/nota\/?p=21879"},"modified":"2016-03-02T13:17:29","modified_gmt":"2016-03-02T19:17:29","slug":"sesiona-el-consejo-directivo-del-cobaem","status":"publish","type":"post","link":"https:\/\/radiowebmx.com\/nota\/sesiona-el-consejo-directivo-del-cobaem\/","title":{"rendered":"Sesiona el Consejo Directivo del COBAEM"},"content":{"rendered":"<p><a href=\"https:\/\/radiowebmx.com\/nota\/wp-content\/uploads\/2016\/03\/683080fd-3553-425b-a488-1424221cc25d.jpg\"><img loading=\"lazy\" decoding=\"async\" class=\"alignleft size-full wp-image-21880\" src=\"https:\/\/radiowebmx.com\/nota\/wp-content\/uploads\/2016\/03\/683080fd-3553-425b-a488-1424221cc25d.jpg\" alt=\"683080fd-3553-425b-a488-1424221cc25d\" width=\"591\" height=\"311\" srcset=\"https:\/\/radiowebmx.com\/nota\/wp-content\/uploads\/2016\/03\/683080fd-3553-425b-a488-1424221cc25d.jpg 591w, https:\/\/radiowebmx.com\/nota\/wp-content\/uploads\/2016\/03\/683080fd-3553-425b-a488-1424221cc25d-300x158.jpg 300w\" sizes=\"auto, (max-width: 591px) 100vw, 591px\" \/><\/a>Con el objetivo de atender diversos temas en\u00a0 beneficio de los bachilleres de la entidad y en beneficio de la casa de estudios, el director general del Colegio de Bachilleres del Estado de Michoac\u00e1n (COBAEM), Alejandro Bustos Aguilar, retom\u00f3 las reuniones de trabajo con coordinadores sectoriales y directores de \u00e1rea.<\/p>\n<p>Durante esta segunda reuni\u00f3n se pidi\u00f3 retomar las acciones para mejorar los indicadores de la prueba PLANEA, ya que el COBAEM debe mejorar su desempe\u00f1o para que junto con otras acciones se genere el sistema de evaluaci\u00f3n de incentivos al personal directivo.<\/p>\n<p>Otro punto en la reuni\u00f3n fue fortalecer los programas transversales de lectura y ecolog\u00eda LeeCOBAEM y eCOBAEM, respectivamente, que incluyen las distintas asignaturas y las din\u00e1micas del plantel para el aprovechamiento de las habilidades de la lectura y recursos naturales.<\/p>\n<p>Asimismo, se abord\u00f3 informaci\u00f3n sobre las Jornadas Acad\u00e9micas y el Sorteo COBAEM para administrar el gasto y los alumnos tengan el beneficio de este recurso.<\/p>\n<p>Finalmente, en el \u00e1mbito de la planeaci\u00f3n se revis\u00f3 el programa de infraestructura educativa en los planteles del interior del estado y la\u00a0 ampliaci\u00f3n a la cobertura para apoyar al crecimiento de horas y planteles.<\/p>\n<p>La reuni\u00f3n se llev\u00f3 a cabo en la Sala de Juntas de la Direcci\u00f3n General del COBAEM.<\/p>\n","protected":false},"excerpt":{"rendered":"<p>Con el objetivo de atender diversos temas en  beneficio de los bachilleres de la entidad y en beneficio de la casa de estudios, el director general del COBAEM, Alejandro Bustos Aguilar,<\/p>\n","protected":false},"author":1,"featured_media":21880,"comment_status":"open","ping_status":"open","sticky":false,"template":"","format":"standard","meta":{"footnotes":""},"categories":[14,3],"tags":[],"class_list":["post-21879","post","type-post","status-publish","format-standard","has-post-thumbnail","hentry","category-destacadas","category-gobierno-del-estado-de-michoacan"],"_links":{"self":[{"href":"https:\/\/radiowebmx.com\/nota\/wp-json\/wp\/v2\/posts\/21879","targetHints":{"allow":["GET"]}}],"collection":[{"href":"https:\/\/radiowebmx.com\/nota\/wp-json\/wp\/v2\/posts"}],"about":[{"href":"https:\/\/radiowebmx.com\/nota\/wp-json\/wp\/v2\/types\/post"}],"author":[{"embeddable":true,"href":"https:\/\/radiowebmx.com\/nota\/wp-json\/wp\/v2\/users\/1"}],"replies":[{"embeddable":true,"href":"https:\/\/radiowebmx.com\/nota\/wp-json\/wp\/v2\/comments?post=21879"}],"version-history":[{"count":1,"href":"https:\/\/radiowebmx.com\/nota\/wp-json\/wp\/v2\/posts\/21879\/revisions"}],"predecessor-version":[{"id":21881,"href":"https:\/\/radiowebmx.com\/nota\/wp-json\/wp\/v2\/posts\/21879\/revisions\/21881"}],"wp:featuredmedia":[{"embeddable":true,"href":"https:\/\/radiowebmx.com\/nota\/wp-json\/wp\/v2\/media\/21880"}],"wp:attachment":[{"href":"https:\/\/radiowebmx.com\/nota\/wp-json\/wp\/v2\/media?parent=21879"}],"wp:term":[{"taxonomy":"category","embeddable":true,"href":"https:\/\/radiowebmx.com\/nota\/wp-json\/wp\/v2\/categories?post=21879"},{"taxonomy":"post_tag","embeddable":true,"href":"https:\/\/radiowebmx.com\/nota\/wp-json\/wp\/v2\/tags?post=21879"}],"curies":[{"name":"wp","href":"https:\/\/api.w.org\/{rel}","templated":true}]}}