{"id":21873,"date":"2016-03-02T13:09:18","date_gmt":"2016-03-02T19:09:18","guid":{"rendered":"https:\/\/radiowebmx.com\/nota\/?p=21873"},"modified":"2016-03-02T13:09:18","modified_gmt":"2016-03-02T19:09:18","slug":"tendran-jovenes-michoacanos-condiciones-para-construir-un-futuro-mejor-silvano-aureoles","status":"publish","type":"post","link":"https:\/\/radiowebmx.com\/nota\/tendran-jovenes-michoacanos-condiciones-para-construir-un-futuro-mejor-silvano-aureoles\/","title":{"rendered":"Tendr\u00e1n j\u00f3venes michoacanos condiciones para construir un futuro mejor: Silvano Aureoles"},"content":{"rendered":"<p><a href=\"https:\/\/radiowebmx.com\/nota\/wp-content\/uploads\/2016\/03\/5fc06231-84c8-465d-b08f-55fd80f0d740.jpg\"><img loading=\"lazy\" decoding=\"async\" class=\"alignleft size-full wp-image-21874\" src=\"https:\/\/radiowebmx.com\/nota\/wp-content\/uploads\/2016\/03\/5fc06231-84c8-465d-b08f-55fd80f0d740.jpg\" alt=\"5fc06231-84c8-465d-b08f-55fd80f0d740\" width=\"591\" height=\"349\" srcset=\"https:\/\/radiowebmx.com\/nota\/wp-content\/uploads\/2016\/03\/5fc06231-84c8-465d-b08f-55fd80f0d740.jpg 591w, https:\/\/radiowebmx.com\/nota\/wp-content\/uploads\/2016\/03\/5fc06231-84c8-465d-b08f-55fd80f0d740-300x177.jpg 300w\" sizes=\"auto, (max-width: 591px) 100vw, 591px\" \/><\/a>La juventud y la ni\u00f1ez es lo m\u00e1s valioso que tenemos y esa riqueza, ese tesoro, hay que encauzarlo bien, con pol\u00edticas p\u00fablicas adecuadas en materia de educaci\u00f3n, salud y de integraci\u00f3n familiar porque necesitamos sacar del riesgo a nuestros j\u00f3venes, afirm\u00f3 el Gobernador del Estado, Silvano Aureoles Conejo, al inaugurar la Jornada Estatal para la Prevenci\u00f3n del Embarazo en Adolescentes, que beneficiar\u00e1 a cerca de 47 mil alumnos de los 115 planteles del Colegio de Bachilleres (COBAEM).<\/p>\n<p>Frente a m\u00e1s de 900 estudiantes, el mandatario indic\u00f3 que con esta acci\u00f3n interinstitucional, adem\u00e1s de crear conciencia en la prevenci\u00f3n del embarazo a temprana edad, se impulsar\u00e1 una cultura que promueva la igualdad entre mujeres y hombres, cumpliendo con otro objetivo, que es trabajar para alcanzar la meta de una sociedad incluyente e igualitaria, lo que hoy se conoce como igualdad sustantiva.<\/p>\n<p>Aureoles Conejo manifest\u00f3 su satisfacci\u00f3n por poner en marcha las jornadas, en donde se brindar\u00e1 informaci\u00f3n y capacitaci\u00f3n en temas fundamentales, por un lado atender el problema de car\u00e1cter social, como es el embarazo adolescente, que se\u00f1al\u00f3 se ha convertido en una preocupaci\u00f3n permanente del Gobierno, ante las cifras actuales, que revelan que el 25 por ciento de los casos ocurren en mujeres que tienen menos de 18 a\u00f1os.<\/p>\n<p>Lo que consider\u00f3, significa que un elevado porcentaje de j\u00f3venes limite sus posibilidades para concluir adecuadamente sus estudios y pueda lograr la formaci\u00f3n profesional y con ello su autonom\u00eda e independencia; por ello subray\u00f3 la importancia de que este sector cuente con informaci\u00f3n adecuada y oportuna que d\u00e9 acompa\u00f1amiento y herramientas para tomar decisiones acertadas.<\/p>\n<p>En este contexto, el mandatario celebr\u00f3 que las distintas dependencias participantes inicien esta cruzada, e instruy\u00f3 a la secretaria de Igualdad Sustantiva y Desarrollo de las Mujeres Michoacanas, Fabiola Alan\u00eds S\u00e1mano, para que las jornadas se extiendan a un mayor n\u00famero de escuelas.<\/p>\n<p>\u201cEstamos absolutamente claras y claros que la riqueza m\u00e1s grande que tiene Michoac\u00e1n son sus ni\u00f1as, ni\u00f1os, j\u00f3venes y adolescentes, es lo m\u00e1s valioso que tenemos\u201d.<\/p>\n<p>El Gobernador, indic\u00f3 que en general lo que se tiene que hacer es apoyar a las y los j\u00f3venes porque son el presente y el futuro de la sociedad, son quienes habr\u00e1n de tomar las riendas del destino de la sociedad en un mediano plazo y se requiere darles las herramientas adecuadas para que puedan trazar una ruta que sea de satisfacci\u00f3n y de un futuro esperanzador.<\/p>\n<p>Para ello, sostuvo que es necesario sumar esfuerzos tanto los Poderes del Estado como las instituciones, tras se\u00f1alar que una buena parte de los j\u00f3venes corre el riesgo de ser v\u00edctimas de abusos, de enga\u00f1os y de atraerlos hacia actividades que les destruyen su vida, una de ellas es el tema de las drogas; al respecto, indic\u00f3 que s\u00f3lo se podr\u00e1 alejarlos de esta situaci\u00f3n con informaci\u00f3n y con acciones de integraci\u00f3n y de cuidado.<\/p>\n<p>Tras felicitar la iniciativa de las jornadas, Aureoles Conejo indic\u00f3 que aunado a estas acciones tambi\u00e9n es necesario implementar otras l\u00edneas de trabajo como impulsar actividades recreativas y formativas, como el arte, la cultura, la m\u00fasica y la danza, todo aquello que les ayude a generar un presente y un futuro mejor a la juventud.<\/p>\n<p>Al respecto, apunt\u00f3 que es posible que esta semana se anuncie el programa integral de becas para los j\u00f3venes, ya que este lunes realiz\u00f3 la gesti\u00f3n ante la Secretar\u00eda de Educaci\u00f3n P\u00fablica (SEP) del recurso que faltaba para completar esta acci\u00f3n, de tal manera que en el presente a\u00f1o 50 mil j\u00f3venes ser\u00e1n beneficiados.<\/p>\n<p>Silvano Aureoles instruy\u00f3 a las Secretar\u00edas de Igualdad Sustantiva y de Educaci\u00f3n, as\u00ed como al Instituto de la Juventud Michoacana y a la Comisi\u00f3n Estatal de Cultura F\u00edsica y Deporte para acelerar el paso y se implemente un programa integral de informaci\u00f3n en materia de educaci\u00f3n sexual y sobre el da\u00f1o que ocasionan las drogas.<\/p>\n<p>Por su parte, la titular de la SEIMUJER, Fabiola Alan\u00eds, indic\u00f3 que las jornadas se realizan en el marco del D\u00eda Internacional de la Mujer que se conmemora el pr\u00f3ximo 8 de marzo; con esta actividad mencion\u00f3 que se inicia una intensa cruzada para difundir los derechos de las y los adolescentes, pero tambi\u00e9n para saber c\u00f3mo los j\u00f3venes del estado pueden contribuir a un Michoac\u00e1n m\u00e1s igualitario.<\/p>\n<p>La funcionaria indic\u00f3 que una de cada dos mujeres de 12 a 19 a\u00f1os de edad, inicia su vida sexual y normalmente se embaraza en esa circunstancia, y un 40 por ciento de esos casos no son planeados pero tampoco son deseados, eso coment\u00f3 es lo que se busca prevenir, lo cierto dijo, es que el ejercicio de la sexualidad debe practicarse con libertad pero tambi\u00e9n con responsabilidad.<\/p>\n<p>En su turno, la directora del Instituto de la Juventud Michoacana, Giuliana Bugarini Torres, apunt\u00f3 que el Gobernador, Silvano Aureoles, ha puesto como el centro de la pol\u00edtica estatal a los j\u00f3venes, al referir que esta administraci\u00f3n se interesa, se preocupa y se ocupa de fortalecer programas para este sector y darle acompa\u00f1amiento en su ejecuci\u00f3n y alcance.<\/p>\n<p>En tanto, el director del COBAEM, Alejandro Bustos Aguilar,\u00a0 precis\u00f3 que esta jornada llegar\u00e1 a los 115 planteles de la instituci\u00f3n, impactando en 47 mil alumnos, que tendr\u00e1n la oportunidad de escuchar, intercambiar experiencias y formarse en materia de g\u00e9nero; en este sentido invit\u00f3 a las y los j\u00f3venes presentes a que compartan y repliquen la informaci\u00f3n.<\/p>\n<p>Durante el evento, estuvo como invitada la ni\u00f1a Fernanda Gonz\u00e1lez Miramontes, autora del libro \u201cAzul o Rosa\u201d, quien agradeci\u00f3 el inter\u00e9s en el tema de igualdad de g\u00e9nero y destac\u00f3 la realizaci\u00f3n de este tipo de foros en donde asegur\u00f3, se ve la real intenci\u00f3n de generar cambios a favor de nuestra poblaci\u00f3n y de la sana convivencia social.<\/p>\n<p>De igual forma, reconoci\u00f3 al Gobernador Silvano Aureoles, \u201cpor hacer posible este gran evento y que tome en cuenta que las ni\u00f1as y ni\u00f1os tambi\u00e9n merecemos ser escuchados\u201d. La joven se pronunci\u00f3 porque esta acci\u00f3n sirva para cambiar conciencias, para que cada una de las personas que participe lleve este mensaje a la familia, a la escuela, al trabajo y a la comunidad en general. \u201cReflexionemos en esta simple, pero profunda frase, vivir en equidad nos beneficia tanto a hombres como mujeres por igual\u201d, coment\u00f3.<\/p>\n<p>Tambi\u00e9n participaron Mildred y Alan de la Fundaci\u00f3n Amanecer Morelia, quienes compartieron su testimonio de vida, en el primer caso de su embarazo adolescente y ambos al enfrentarse con la problem\u00e1tica a la adicci\u00f3n a las drogas y al alcohol, quienes afortunadamente salieron adelante y hoy manifestaron su deseo de que la experiencia que pasaron les sirva a otras personas para que no tengan que vivir una situaci\u00f3n similar.<\/p>\n<p>En esta jornada estatal, estar\u00e1n participando las Secretar\u00edas de Salud, de Igualdad Sustantiva y Desarrollo de las Mujeres Michoacanas, y de Educaci\u00f3n, adem\u00e1s del Instituto de la Juventud Michoacana, en coordinaci\u00f3n con el COBAEM.<\/p>\n<p>Al evento tambi\u00e9n asisti\u00f3 el presidente de la Mesa Directiva del Congreso del Estado, Raymundo Arreola Ortega; la magistrada presidenta sustituta del Supremo Tribunal de Justicia del Estado (STJE), Alejandra P\u00e9rez Gonz\u00e1lez; la secretaria de Educaci\u00f3n, Silvia Figueroa Zamudio; el secretario de Salud, Carlos Aranza Doniz; la presidenta del Sistema DIF estatal, Roc\u00edo Beamonte Romero, as\u00ed como diputadas y diputados locales.<\/p>\n","protected":false},"excerpt":{"rendered":"<p>La juventud y la ni\u00f1ez es lo m\u00e1s valioso que tenemos y esa riqueza, ese tesoro, hay que encauzarlo bien,<\/p>\n","protected":false},"author":1,"featured_media":21874,"comment_status":"open","ping_status":"open","sticky":false,"template":"","format":"standard","meta":{"footnotes":""},"categories":[14,3],"tags":[],"class_list":["post-21873","post","type-post","status-publish","format-standard","has-post-thumbnail","hentry","category-destacadas","category-gobierno-del-estado-de-michoacan"],"_links":{"self":[{"href":"https:\/\/radiowebmx.com\/nota\/wp-json\/wp\/v2\/posts\/21873","targetHints":{"allow":["GET"]}}],"collection":[{"href":"https:\/\/radiowebmx.com\/nota\/wp-json\/wp\/v2\/posts"}],"about":[{"href":"https:\/\/radiowebmx.com\/nota\/wp-json\/wp\/v2\/types\/post"}],"author":[{"embeddable":true,"href":"https:\/\/radiowebmx.com\/nota\/wp-json\/wp\/v2\/users\/1"}],"replies":[{"embeddable":true,"href":"https:\/\/radiowebmx.com\/nota\/wp-json\/wp\/v2\/comments?post=21873"}],"version-history":[{"count":1,"href":"https:\/\/radiowebmx.com\/nota\/wp-json\/wp\/v2\/posts\/21873\/revisions"}],"predecessor-version":[{"id":21875,"href":"https:\/\/radiowebmx.com\/nota\/wp-json\/wp\/v2\/posts\/21873\/revisions\/21875"}],"wp:featuredmedia":[{"embeddable":true,"href":"https:\/\/radiowebmx.com\/nota\/wp-json\/wp\/v2\/media\/21874"}],"wp:attachment":[{"href":"https:\/\/radiowebmx.com\/nota\/wp-json\/wp\/v2\/media?parent=21873"}],"wp:term":[{"taxonomy":"category","embeddable":true,"href":"https:\/\/radiowebmx.com\/nota\/wp-json\/wp\/v2\/categories?post=21873"},{"taxonomy":"post_tag","embeddable":true,"href":"https:\/\/radiowebmx.com\/nota\/wp-json\/wp\/v2\/tags?post=21873"}],"curies":[{"name":"wp","href":"https:\/\/api.w.org\/{rel}","templated":true}]}}