{"id":21856,"date":"2016-03-01T13:27:38","date_gmt":"2016-03-01T19:27:38","guid":{"rendered":"https:\/\/radiowebmx.com\/nota\/?p=21856"},"modified":"2016-03-01T13:27:38","modified_gmt":"2016-03-01T19:27:38","slug":"relevos-institucionales-en-la-univim-en-beneficio-de-la-educacion-superior","status":"publish","type":"post","link":"https:\/\/radiowebmx.com\/nota\/relevos-institucionales-en-la-univim-en-beneficio-de-la-educacion-superior\/","title":{"rendered":"Relevos institucionales en la Univim en beneficio de la educaci\u00f3n superior"},"content":{"rendered":"<p><a href=\"https:\/\/radiowebmx.com\/nota\/wp-content\/uploads\/2016\/03\/ce64526c-3f27-45e7-a961-38aa4e6d7120.jpg\"><img loading=\"lazy\" decoding=\"async\" class=\"alignleft size-full wp-image-21858\" src=\"https:\/\/radiowebmx.com\/nota\/wp-content\/uploads\/2016\/03\/ce64526c-3f27-45e7-a961-38aa4e6d7120.jpg\" alt=\"ce64526c-3f27-45e7-a961-38aa4e6d7120\" width=\"591\" height=\"309\" srcset=\"https:\/\/radiowebmx.com\/nota\/wp-content\/uploads\/2016\/03\/ce64526c-3f27-45e7-a961-38aa4e6d7120.jpg 591w, https:\/\/radiowebmx.com\/nota\/wp-content\/uploads\/2016\/03\/ce64526c-3f27-45e7-a961-38aa4e6d7120-300x157.jpg 300w\" sizes=\"auto, (max-width: 591px) 100vw, 591px\" \/><\/a>La rectora de la Universidad Virtual del Estado de Michoac\u00e1n (Univim), Silvia Mendoza Valenzuela, entreg\u00f3 los nombramientos del personal de estructura, para dar continuidad a los compromisos establecidos en materia educativa por la administraci\u00f3n estatal, que encabeza el Gobernador Silvano Aureoles Conejo.<\/p>\n<p>La rectora invit\u00f3 al personal de estructura a dar lo mejor de s\u00ed en favor de la educaci\u00f3n superior y para consolidar la educaci\u00f3n virtual en la entidad, la cual poco a poco ha ido ganando terreno gracias a los bajos costos que representa y la flexibilidad de horario.<\/p>\n<p>Al mismo tiempo, agradeci\u00f3 a los trabajadores salientes su esfuerzo y dedicaci\u00f3n, invit\u00e1ndolos a continuar trabajando desde cualquier trinchera con el mismo entusiasmo y entrega que mantuvieron a su paso por la Univim, ya que Michoac\u00e1n necesita de todas y todos.<\/p>\n<p>Los nuevos funcionarios son: Sergio Sidney Moreno Vergas, quien llega a la Direcci\u00f3n de Planeaci\u00f3n y Vinculaci\u00f3n; Erika Ofelia L\u00f3pez Guerrero, en la Subdirecci\u00f3n Administrativa; Denisse Mart\u00ednez Salazar, jefa del Departamento de Educaci\u00f3n Continua; Celia Roc\u00edo Vel\u00e1zquez Albarr\u00e1n, jefa del Departamento de Control Escolar; Renato Ismael Arteaga Ch\u00e1vez, titular del Departamento de Evaluaci\u00f3n; Jorge Octavio Reyes Ram\u00edrez, llega a la Jefatura de Departamento de Operaci\u00f3n, Mantenimiento y Soporte T\u00e9cnico; Mar\u00eda de Lourdes Mangato Miranda, al Departamento de Recursos Humanos, Financieros y Materiales; Tonantzin Estela L\u00e1zaro L\u00f3pez, como jefa del Departamento de Dise\u00f1o de Materiales; y Jos\u00e9 Ch\u00e1vez D\u00edaz, enlace Jur\u00eddico.<\/p>\n<p>Aunado a lo anterior, se realizaron los enroques correspondientes en la Direcci\u00f3n Acad\u00e9mica y la Direcci\u00f3n de Desarrollo Tecnol\u00f3gico, a donde arriban Dulce Selene Rosas Mendieta y Apolinar Serv\u00edn Arregu\u00edn, respectivamente.<\/p>\n","protected":false},"excerpt":{"rendered":"<p>La rectora de la Univim, Silvia Mendoza Valenzuela, entreg\u00f3 los nombramientos del personal de estructura, <\/p>\n","protected":false},"author":1,"featured_media":21858,"comment_status":"open","ping_status":"open","sticky":false,"template":"","format":"standard","meta":{"footnotes":""},"categories":[14,3],"tags":[],"class_list":["post-21856","post","type-post","status-publish","format-standard","has-post-thumbnail","hentry","category-destacadas","category-gobierno-del-estado-de-michoacan"],"_links":{"self":[{"href":"https:\/\/radiowebmx.com\/nota\/wp-json\/wp\/v2\/posts\/21856","targetHints":{"allow":["GET"]}}],"collection":[{"href":"https:\/\/radiowebmx.com\/nota\/wp-json\/wp\/v2\/posts"}],"about":[{"href":"https:\/\/radiowebmx.com\/nota\/wp-json\/wp\/v2\/types\/post"}],"author":[{"embeddable":true,"href":"https:\/\/radiowebmx.com\/nota\/wp-json\/wp\/v2\/users\/1"}],"replies":[{"embeddable":true,"href":"https:\/\/radiowebmx.com\/nota\/wp-json\/wp\/v2\/comments?post=21856"}],"version-history":[{"count":1,"href":"https:\/\/radiowebmx.com\/nota\/wp-json\/wp\/v2\/posts\/21856\/revisions"}],"predecessor-version":[{"id":21859,"href":"https:\/\/radiowebmx.com\/nota\/wp-json\/wp\/v2\/posts\/21856\/revisions\/21859"}],"wp:featuredmedia":[{"embeddable":true,"href":"https:\/\/radiowebmx.com\/nota\/wp-json\/wp\/v2\/media\/21858"}],"wp:attachment":[{"href":"https:\/\/radiowebmx.com\/nota\/wp-json\/wp\/v2\/media?parent=21856"}],"wp:term":[{"taxonomy":"category","embeddable":true,"href":"https:\/\/radiowebmx.com\/nota\/wp-json\/wp\/v2\/categories?post=21856"},{"taxonomy":"post_tag","embeddable":true,"href":"https:\/\/radiowebmx.com\/nota\/wp-json\/wp\/v2\/tags?post=21856"}],"curies":[{"name":"wp","href":"https:\/\/api.w.org\/{rel}","templated":true}]}}