{"id":21851,"date":"2016-03-01T13:10:46","date_gmt":"2016-03-01T19:10:46","guid":{"rendered":"https:\/\/radiowebmx.com\/nota\/?p=21851"},"modified":"2016-03-01T13:10:46","modified_gmt":"2016-03-01T19:10:46","slug":"morelia-inaugura-el-primer-centro-de-atencion-a-victimas-a-nivel-nacional","status":"publish","type":"post","link":"https:\/\/radiowebmx.com\/nota\/morelia-inaugura-el-primer-centro-de-atencion-a-victimas-a-nivel-nacional\/","title":{"rendered":"Morelia inaugura el primer Centro de Atenci\u00f3n a V\u00edctimas a nivel Nacional"},"content":{"rendered":"<p>Con el objetivo de garantizar que las v\u00edctimas del delito tengan un lugar seguro, cercano y amable para ser atendidos y confortados, el Presidente Municipal de Morelia, Alfonso Mart\u00ednez Alc\u00e1zar inaugur\u00f3 el primer Centro de Atenci\u00f3n a V\u00edctimas a nivel nacional, esto en el marco del Nuevo Sistema de Justicia Penal Acusatorio y Oral, en d\u00f3nde la polic\u00eda tiene la obligaci\u00f3n constitucional y legal de atender a las v\u00edctimas, de recibir las denuncias de hechos y de investigar los delitos, bajo la conducci\u00f3n y mando del Ministerio P\u00fablico.<\/p>\n<p>Cabe mencionar que la creaci\u00f3n de este centro se establece en el art\u00edculo 132 del\u00a0 C\u00f3digo Nacional de Procedimiento Penales, por lo que Morelia se convierte en pionera en esta normatividad que busca que la ciudadan\u00eda tenga la confianza en las autoridades.<\/p>\n<p>Durante su participaci\u00f3n en el acto protocolario, Mart\u00ednez Alc\u00e1zar asegur\u00f3 que este martes primero de marzo se puso fin a la etapa de la Direcci\u00f3n de Seguridad Ciudadana y dio paso a la Polic\u00eda Michoac\u00e1n Unidad Morelia, esto con el objetivo de buscar una era que genere seguridad, desarrollo y prosperidad para el municipio.<\/p>\n<p>Indic\u00f3 que este cambio representa el fin de una etapa dif\u00edcil para la Ciudad, por lo que est\u00e1 acci\u00f3n no s\u00f3lo es un cambio de nombre que maquille las mismas estrategias y vicios del pasado, sino que la Polic\u00eda Michoac\u00e1n Unidad Morelia nace como un esfuerzo coordinado del Gobierno del Estado y el Gobierno municipal, para sumar esfuerzos, recursos y estrategias que permitan garantizar el derecho a la vida, a la propiedad y a la libertad de todos los habitantes y visitantes de esta ciudad.<\/p>\n<p>\u201cQueremos que la Unidad Morelia de la Polic\u00eda Michoac\u00e1n, sea la instituci\u00f3n p\u00fablica m\u00e1s querida por los Morelianos\u201d enfatiz\u00f3 el Alcalde.<\/p>\n<p>Alfonso Mart\u00ednez recalc\u00f3 que a pesar de la dif\u00edcil situaci\u00f3n de seguridad que se vivi\u00f3 hace algunos a\u00f1os, hoy la ciudad se ha ido recuperando, esto debido a que de acuerdo a cifras del Sistema Nacional de Seguridad P\u00fablica, en Morelia ha disminuido en un 75% el n\u00famero de secuestros, 16% el n\u00famero de homicidios y 89% el n\u00famero de extorsiones.<\/p>\n<p>Ante Silvano Aureoles Conejo, Gobernador de Michoac\u00e1n, el General de Brigada Diplomado de Estado Mayor, Jos\u00e9 Morales C\u00e1zares, el Comisario General Jos\u00e9 Antonio Bernal Bustamante, Secretario de Seguridad P\u00fablica, as\u00ed como integrantes de la Comisi\u00f3n Ejecutiva Estatal de Atenci\u00f3n a V\u00edctimas para el Estado de Michoac\u00e1n e integrantes del Honorable Cabildo y funcionarios municipales, el Presidente Alfonso Mart\u00ednez subray\u00f3 que bajo este contexto se incrementa en 100% el estado de fuerza de la polic\u00eda.<\/p>\n<p>Explic\u00f3 que se incrementar\u00e1n la cantidad de elementos policiacos por lo que los cadetes que hoy est\u00e1n inscritos se certificar\u00e1n y cursar\u00e1n\u00a0 la formaci\u00f3n inicial que permit\u00eda al municipio pasar de 193 polic\u00edas para la ciudad, a 420, completando de esta manera la primera Unidad de Polic\u00eda Acreditable.<\/p>\n<p>Asimismo, hizo hincapi\u00e9 que la meta de su Administraci\u00f3n para este a\u00f1o ser\u00e1 la de completar 840 polic\u00edas, es decir, dos Unidades de Polic\u00eda Acreditable, lo cual significa cuatro veces m\u00e1s polic\u00edas que los que hab\u00eda cuando inici\u00f3 la Administraci\u00f3n, y que servir\u00e1n a los morelianos con lealtad, honradez, y con la convicci\u00f3n profunda del respeto a los derechos humanos, adem\u00e1s de otorgarles salarios dignos que sean corresponsables al trabajo que desempe\u00f1an.<\/p>\n<p>Cabe se\u00f1alar que la inauguraci\u00f3n de este Centro de Atenci\u00f3n a V\u00edctimas, es el primero de cinco que se tienen presupuestados, por lo que estos centros tendr\u00e1n la capacidad t\u00e9cnica y humana de atender a las v\u00edctimas del delito, bajo un enfoque humano y compasivo.<\/p>\n<p>\u201cNuestra meta es que la sociedad se sienta segura y confortable en las oficinas de su polic\u00eda, que, dado el caso, tenga la confianza de denunciar los delitos y la garant\u00eda de que ser\u00e1 protegida y atendida; que la armon\u00eda y articulaci\u00f3n entre la polic\u00eda y el Ministerio P\u00fablico mantenga a los criminales lejos de la ciudadan\u00eda y elimine la impunidad\u201d.<\/p>\n<p>Es de subrayar que otro de los objetivos es coordinar a las v\u00edctimas desde un enfoque multidisciplinario, en el que convergen diferentes campos de la ciencia y atenci\u00f3n, a saber: Psicolog\u00eda, Trabajo Social, Medicina y Abogac\u00eda. Se contar\u00e1 con un experto de cada una de estas \u00e1reas.<\/p>\n<p>El Centro de Atenci\u00f3n a V\u00edctimas de Delito tendr\u00e1 como funci\u00f3n primordial salvaguardar la integridad f\u00edsica, emocional, social jur\u00eddica de las personas en situaci\u00f3n de v\u00edctima, todo en total apego a los Derechos Humanos y al Nuevo Sistema de Justicia Penal, as\u00ed pues, los Centros de Atenci\u00f3n a V\u00edctimas del Delito, ser\u00e1n un canal de comunicaci\u00f3n directa entre la ciudadan\u00eda y las instituciones p\u00fablicas.<\/p>\n<p>Por tal motivo el principal objetivo de los Centro de Atenci\u00f3n a V\u00edctimas del Delito es el de coadyuvar en la comunicaci\u00f3n entre la ciudadan\u00eda y las instituciones p\u00fablicas, de tal manera que el ciudadano, en situaci\u00f3n de v\u00edctima, tenga la confianza de acercarse a los Centros de Atenci\u00f3n, con la seguridad de que ser\u00e1 atendido con responsabilidad, amabilidad, empat\u00eda y calidez humana.<\/p>\n<p>Asimismo, el\u00a0 Centro de Atenci\u00f3n a V\u00edctimas del Delito buscar\u00e1 incentivar a la ciudadan\u00eda\u00a0 hacia la cultura de la denuncia, todo de una manera emp\u00e1tica ya que solo el 4% de las victimas denuncian un delito, seg\u00fan la encuesta de victimizaci\u00f3n y percepci\u00f3n de la seguridad en Morelia 2014. Ya no se ha realizado ninguna otra parecida.<\/p>\n<p>De igual forma, Mart\u00ednez Alc\u00e1zar destac\u00f3 que la Polic\u00eda Michoac\u00e1n Unidad Morelia es el resultado de la coordinaci\u00f3n y cercana cooperaci\u00f3n entre el gobierno del estado y municipal que ha permitido ir teniendo logros, incipientes pero importantes para la seguridad; el robo de autos, despu\u00e9s de muchos esfuerzos, comienza a ceder casi en un 50%, y el nuevo sistema de justicia penal est\u00e1 logrando disminuir la impunidad y restablecer los lazos que mantienen unido el tejido social.<\/p>\n<p>En este sentido, agradeci\u00f3 a la Secretar\u00eda de Seguridad P\u00fablica del estado y a la Procuradur\u00eda General de Justicia, por su trabajo y disposici\u00f3n en la construcci\u00f3n diaria de este gran proyecto, as\u00ed como al Gobierno de la Rep\u00fablica, por el apoyo que ha brindado a trav\u00e9s de la Polic\u00eda Militar, la Polic\u00eda Federal y en especial la divisi\u00f3n de Gendarmer\u00eda, por su decidido esfuerzo para consolidar esta visi\u00f3n de ciudad segura para Morelia que todos compartimos, fundamentalmente, dijo, sentirse agradecido con el Gobernador por su\u00a0 liderazgo y su disposici\u00f3n al trabajo en pro de la seguridad de los morelianos.<\/p>\n<p>Finalmente, Alfonso Mart\u00ednez destac\u00f3 la aprobaci\u00f3n del Reglamento de Orden P\u00fablico y Justicia C\u00edvica, que permitir\u00e1 eliminar la discrecionalidad en las infracciones administrativas, posibilitar\u00e1 la creaci\u00f3n del Juzgado C\u00edvico de Morelia y los programas de trabajo en favor de la comunidad. Con estas acciones se pretende eliminar cualquier arbitrariedad en la aplicaci\u00f3n de la ley procurando que las conductas criminales sean atendidas en sus etapas m\u00e1s tempranas.<\/p>\n<p>Al mismo tiempo, el Cabildo discuti\u00f3\u00a0 una propuesta para presentar ante el H. Congreso del Estado, una reforma al C\u00f3digo Penal, para castigar con mayor rigor y efectividad el robo de veh\u00edculos que tanto est\u00e1 da\u00f1ando a las familias morelianas.<\/p>\n","protected":false},"excerpt":{"rendered":"<p>El Presidente Municipal de Morelia, asegur\u00f3 que el primer Centro de Atenci\u00f3n a V\u00edctimas tiene por objetivo garantizar que las v\u00edctimas del delito tengan un lugar seguro, cercano y amable para ser atendidas y confortadas.<\/p>\n","protected":false},"author":1,"featured_media":0,"comment_status":"open","ping_status":"open","sticky":false,"template":"","format":"standard","meta":{"footnotes":""},"categories":[14,9],"tags":[],"class_list":["post-21851","post","type-post","status-publish","format-standard","hentry","category-destacadas","category-morelia"],"_links":{"self":[{"href":"https:\/\/radiowebmx.com\/nota\/wp-json\/wp\/v2\/posts\/21851","targetHints":{"allow":["GET"]}}],"collection":[{"href":"https:\/\/radiowebmx.com\/nota\/wp-json\/wp\/v2\/posts"}],"about":[{"href":"https:\/\/radiowebmx.com\/nota\/wp-json\/wp\/v2\/types\/post"}],"author":[{"embeddable":true,"href":"https:\/\/radiowebmx.com\/nota\/wp-json\/wp\/v2\/users\/1"}],"replies":[{"embeddable":true,"href":"https:\/\/radiowebmx.com\/nota\/wp-json\/wp\/v2\/comments?post=21851"}],"version-history":[{"count":1,"href":"https:\/\/radiowebmx.com\/nota\/wp-json\/wp\/v2\/posts\/21851\/revisions"}],"predecessor-version":[{"id":21852,"href":"https:\/\/radiowebmx.com\/nota\/wp-json\/wp\/v2\/posts\/21851\/revisions\/21852"}],"wp:attachment":[{"href":"https:\/\/radiowebmx.com\/nota\/wp-json\/wp\/v2\/media?parent=21851"}],"wp:term":[{"taxonomy":"category","embeddable":true,"href":"https:\/\/radiowebmx.com\/nota\/wp-json\/wp\/v2\/categories?post=21851"},{"taxonomy":"post_tag","embeddable":true,"href":"https:\/\/radiowebmx.com\/nota\/wp-json\/wp\/v2\/tags?post=21851"}],"curies":[{"name":"wp","href":"https:\/\/api.w.org\/{rel}","templated":true}]}}