{"id":21846,"date":"2016-03-01T13:05:34","date_gmt":"2016-03-01T19:05:34","guid":{"rendered":"https:\/\/radiowebmx.com\/nota\/?p=21846"},"modified":"2016-03-01T13:08:07","modified_gmt":"2016-03-01T19:08:07","slug":"celebra-segob-michoacan-primera-reunion-de-coordinacion-general-con-diputados-federales","status":"publish","type":"post","link":"https:\/\/radiowebmx.com\/nota\/celebra-segob-michoacan-primera-reunion-de-coordinacion-general-con-diputados-federales\/","title":{"rendered":"CELEBRA SEGOB MICHOAC\u00c1N PRIMERA REUNI\u00d3N DE COORDINACI\u00d3N GENERAL CON DIPUTADOS FEDERALES"},"content":{"rendered":"<p><a href=\"https:\/\/radiowebmx.com\/nota\/wp-content\/uploads\/2016\/03\/290216-REUNION-CON-DELEGADOS-FED-3.jpg\"><img loading=\"lazy\" decoding=\"async\" class=\"alignleft size-full wp-image-21849\" src=\"https:\/\/radiowebmx.com\/nota\/wp-content\/uploads\/2016\/03\/290216-REUNION-CON-DELEGADOS-FED-3.jpg\" alt=\"290216 REUNION CON DELEGADOS FED 3\" width=\"591\" height=\"309\" srcset=\"https:\/\/radiowebmx.com\/nota\/wp-content\/uploads\/2016\/03\/290216-REUNION-CON-DELEGADOS-FED-3.jpg 591w, https:\/\/radiowebmx.com\/nota\/wp-content\/uploads\/2016\/03\/290216-REUNION-CON-DELEGADOS-FED-3-300x157.jpg 300w\" sizes=\"auto, (max-width: 591px) 100vw, 591px\" \/><\/a>Con el objetivo de mantener un di\u00e1logo directo entre las representaciones del Gobierno de la Rep\u00fablica y los diputados federales, para impulsar de manera coordinada el desarrollo de Michoac\u00e1n, se realiz\u00f3 a iniciativa de la Delegaci\u00f3n de Gobernaci\u00f3n la primera reuni\u00f3n de trabajo donde se abordaron los temas de infraestructura carretera, educaci\u00f3n y seguridad.<\/p>\n<p>En el encuentro donde participaron funcionarios federales, as\u00ed como diputados michoacanos en el Congreso de la Uni\u00f3n emanados de todos los partidos pol\u00edticos, el delegado de la Secretar\u00eda de Gobernaci\u00f3n, Florentino Coalla Pulido, quien presidi\u00f3 la reuni\u00f3n, asegur\u00f3 que este tipo de foros fortalece las instituciones y las ayuda a atender de manera certera las necesidades m\u00e1s sentidas de la ciudadan\u00eda.<\/p>\n<p>Coalla Pulido reconoci\u00f3 el inter\u00e9s y responsabilidad de los legisladores, al atender la invitaci\u00f3n que busca entablar una coordinaci\u00f3n general por el desarrollo de Michoac\u00e1n, y agreg\u00f3 que una de las instrucciones que les ha girado el presidente Enrique Pe\u00f1a Nieto, a trav\u00e9s del secretario de Gobernaci\u00f3n, Miguel \u00c1ngel Osorio Chong, es la coordinaci\u00f3n estrecha entre las distintas instituciones por el beneficio de la entidad.<\/p>\n<p>\u201cLa estrategia de coordinaci\u00f3n la encabeza la Secretar\u00eda de Gobernaci\u00f3n, por lo tanto mi compromiso es lograr generar la correcta vinculaci\u00f3n para que el trabajo por un mejor Michoac\u00e1n cobre la fuerza que necesita. Debemos sostener las reuniones necesarias para atender los temas prioritarios para Michoac\u00e1n\u201d.<\/p>\n<p>Por su parte el delegado de la Secretar\u00eda de Comunicaciones y Transportes (SCT), Alejandro Lambret\u00f3n Narro, comparti\u00f3 con los legisladores los avances que se tienen en las distintas obras que se han impulsado con recurso federal, e inform\u00f3 que con estos resultados se puede palpar que el compromiso del Gobierno de la Rep\u00fablica con Michoac\u00e1n, es una realidad.<\/p>\n<p>Mientras tanto, los legisladores aprovecharon la apertura de la Secretar\u00eda de Gobernaci\u00f3n para exponer otros temas que aquejan a los michoacanos en materia financiera, de educaci\u00f3n, salud y seguridad.<\/p>\n<p>En la reuni\u00f3n estuvieron presentes los diputados V\u00edctor Manuel Silva Tejeda, Daniela de los Santos Torres, Marko Cort\u00e9s Mendoza, Norberto Antonio Mart\u00ednez Soto, Juan Antonio Ixtlahuac Orihuela, Fernando Rosales Reyes, Jos\u00e9 Antonio Salas Valencia, Araceli Saucedo Reyes, \u00c1ngel Alan\u00eds Pedraza, Guadalupe Hern\u00e1ndez Alcal\u00e1, Rosa Alicia \u00c1lvarez Pi\u00f1ones y Omar No\u00e9 Bernardino Vargas.<\/p>\n<p>&nbsp;<\/p>\n","protected":false},"excerpt":{"rendered":"<p>Con el objetivo de mantener un di\u00e1logo directo entre las representaciones del Gobierno de la Rep\u00fablica y los diputados federales,<\/p>\n","protected":false},"author":1,"featured_media":21849,"comment_status":"open","ping_status":"open","sticky":false,"template":"","format":"standard","meta":{"footnotes":""},"categories":[14],"tags":[],"class_list":["post-21846","post","type-post","status-publish","format-standard","has-post-thumbnail","hentry","category-destacadas"],"_links":{"self":[{"href":"https:\/\/radiowebmx.com\/nota\/wp-json\/wp\/v2\/posts\/21846","targetHints":{"allow":["GET"]}}],"collection":[{"href":"https:\/\/radiowebmx.com\/nota\/wp-json\/wp\/v2\/posts"}],"about":[{"href":"https:\/\/radiowebmx.com\/nota\/wp-json\/wp\/v2\/types\/post"}],"author":[{"embeddable":true,"href":"https:\/\/radiowebmx.com\/nota\/wp-json\/wp\/v2\/users\/1"}],"replies":[{"embeddable":true,"href":"https:\/\/radiowebmx.com\/nota\/wp-json\/wp\/v2\/comments?post=21846"}],"version-history":[{"count":3,"href":"https:\/\/radiowebmx.com\/nota\/wp-json\/wp\/v2\/posts\/21846\/revisions"}],"predecessor-version":[{"id":21850,"href":"https:\/\/radiowebmx.com\/nota\/wp-json\/wp\/v2\/posts\/21846\/revisions\/21850"}],"wp:featuredmedia":[{"embeddable":true,"href":"https:\/\/radiowebmx.com\/nota\/wp-json\/wp\/v2\/media\/21849"}],"wp:attachment":[{"href":"https:\/\/radiowebmx.com\/nota\/wp-json\/wp\/v2\/media?parent=21846"}],"wp:term":[{"taxonomy":"category","embeddable":true,"href":"https:\/\/radiowebmx.com\/nota\/wp-json\/wp\/v2\/categories?post=21846"},{"taxonomy":"post_tag","embeddable":true,"href":"https:\/\/radiowebmx.com\/nota\/wp-json\/wp\/v2\/tags?post=21846"}],"curies":[{"name":"wp","href":"https:\/\/api.w.org\/{rel}","templated":true}]}}