{"id":21837,"date":"2016-03-01T11:45:08","date_gmt":"2016-03-01T17:45:08","guid":{"rendered":"https:\/\/radiowebmx.com\/nota\/?p=21837"},"modified":"2016-03-01T11:45:08","modified_gmt":"2016-03-01T17:45:08","slug":"morelia-albergara-por-primera-vez-la-asamblea-de-la-red-mexicana-de-ciudades-amigas-de-la-ninez","status":"publish","type":"post","link":"https:\/\/radiowebmx.com\/nota\/morelia-albergara-por-primera-vez-la-asamblea-de-la-red-mexicana-de-ciudades-amigas-de-la-ninez\/","title":{"rendered":"Morelia albergar\u00e1 por primera vez la Asamblea de la Red Mexicana de Ciudades Amigas de la Ni\u00f1ez"},"content":{"rendered":"<p>A trav\u00e9s del Sistema DIF municipal, Morelia albergar\u00e1 la XXII Asamblea de la Red Mexicana de Ciudades Amigas de la Ni\u00f1ez (RMCAN), evento de car\u00e1cter nacional que convoca a todos los presidentes municipales de la Rep\u00fablica que conforman la organizaci\u00f3n y que se llevar\u00e1 a cabo los d\u00edas 20, 21 y 22 de abril del presente a\u00f1o, inform\u00f3 la directora de la paramunicipal, Carmen Alicia Ojeda D\u00e1vila<\/p>\n<p>La funcionaria municipal destac\u00f3 que la invitaci\u00f3n para llevar a cabo el evento en Morelia, se hizo a petici\u00f3n expresa del presidente municipal, Alfonso Mart\u00ednez Alc\u00e1zar y de la presidenta honoraria del DIF Morelia, Paola Delgadillo de Mart\u00ednez, como parte de las acciones en beneficio de la ni\u00f1ez moreliana.<\/p>\n<p>La confirmaci\u00f3n de esta sede se hizo en el marco de la XXI Asamblea de la RMCAN, celebrada en Ciudad del Carmen este fin de semana, donde la jefa del departamento del Desarrollo Integral de la Ni\u00f1ez de la paramunicipal, Karla Ochoa Cort\u00e9s, rindi\u00f3 protesta, a nombre del municipio, como parte de la red.<\/p>\n<p>Ah\u00ed, se hizo la invitaci\u00f3n formal ante los representantes de la organizaci\u00f3n, quienes dieron el visto bueno y el voto de confianza a la capital moreliana para albergar este evento, que se espera pueda representar tambi\u00e9n un espacio de difusi\u00f3n de la ciudad como un destino tur\u00edstico y de congresos\u00a0 de primer nivel, dado el car\u00e1cter nacional que tiene.<\/p>\n<p>Corresponder\u00e1 a la RMCAN y al DIF municipal la organizaci\u00f3n de la log\u00edstica y las actividades que se llevaran a cabo, entre las que destacan la firma del acuerdo 10 Por la Infancia, que se trabaja en conjunto con la UNICEF y la organizaci\u00f3n internacional Save the Children, mediante el cual se busca proteger los derechos de los ni\u00f1os en M\u00e9xico y con ello, Morelia ser\u00e1 la primer ciudad michoacana en adherirse a este acuerdo.<\/p>\n<p>Este evento ser\u00e1 un espacio de dialogo y divulgaci\u00f3n de conocimiento para el fortalecimiento a las pol\u00edticas p\u00fablicas enfocadas a la ni\u00f1ez, as\u00ed como para los proyectos del DIF Morelia que fortalezcan los derechos de la ni\u00f1ez en materia de inclusi\u00f3n, diversidad, salud, educaci\u00f3n de calidad e inversi\u00f3n p\u00fablica.<\/p>\n","protected":false},"excerpt":{"rendered":"<p>A trav\u00e9s del Sistema DIF municipal, Morelia albergar\u00e1 la XXII Asamblea de la RMCAN, <\/p>\n","protected":false},"author":1,"featured_media":21838,"comment_status":"open","ping_status":"open","sticky":false,"template":"","format":"standard","meta":{"footnotes":""},"categories":[14,9],"tags":[],"class_list":["post-21837","post","type-post","status-publish","format-standard","has-post-thumbnail","hentry","category-destacadas","category-morelia"],"_links":{"self":[{"href":"https:\/\/radiowebmx.com\/nota\/wp-json\/wp\/v2\/posts\/21837","targetHints":{"allow":["GET"]}}],"collection":[{"href":"https:\/\/radiowebmx.com\/nota\/wp-json\/wp\/v2\/posts"}],"about":[{"href":"https:\/\/radiowebmx.com\/nota\/wp-json\/wp\/v2\/types\/post"}],"author":[{"embeddable":true,"href":"https:\/\/radiowebmx.com\/nota\/wp-json\/wp\/v2\/users\/1"}],"replies":[{"embeddable":true,"href":"https:\/\/radiowebmx.com\/nota\/wp-json\/wp\/v2\/comments?post=21837"}],"version-history":[{"count":1,"href":"https:\/\/radiowebmx.com\/nota\/wp-json\/wp\/v2\/posts\/21837\/revisions"}],"predecessor-version":[{"id":21839,"href":"https:\/\/radiowebmx.com\/nota\/wp-json\/wp\/v2\/posts\/21837\/revisions\/21839"}],"wp:featuredmedia":[{"embeddable":true,"href":"https:\/\/radiowebmx.com\/nota\/wp-json\/wp\/v2\/media\/21838"}],"wp:attachment":[{"href":"https:\/\/radiowebmx.com\/nota\/wp-json\/wp\/v2\/media?parent=21837"}],"wp:term":[{"taxonomy":"category","embeddable":true,"href":"https:\/\/radiowebmx.com\/nota\/wp-json\/wp\/v2\/categories?post=21837"},{"taxonomy":"post_tag","embeddable":true,"href":"https:\/\/radiowebmx.com\/nota\/wp-json\/wp\/v2\/tags?post=21837"}],"curies":[{"name":"wp","href":"https:\/\/api.w.org\/{rel}","templated":true}]}}