{"id":21831,"date":"2016-03-01T11:29:46","date_gmt":"2016-03-01T17:29:46","guid":{"rendered":"https:\/\/radiowebmx.com\/nota\/?p=21831"},"modified":"2016-03-01T11:29:46","modified_gmt":"2016-03-01T17:29:46","slug":"prepara-ayuntamiento-de-morelia-agenda-de-actividades-por-dia-de-la-mujer","status":"publish","type":"post","link":"https:\/\/radiowebmx.com\/nota\/prepara-ayuntamiento-de-morelia-agenda-de-actividades-por-dia-de-la-mujer\/","title":{"rendered":"Prepara Ayuntamiento de Morelia agenda de actividades por D\u00eda de la Mujer"},"content":{"rendered":"<p><a href=\"https:\/\/radiowebmx.com\/nota\/wp-content\/uploads\/2016\/03\/d091e776-8937-49f7-a4f7-bab3994a51a7.jpg\"><img loading=\"lazy\" decoding=\"async\" class=\"alignleft size-full wp-image-21832\" src=\"https:\/\/radiowebmx.com\/nota\/wp-content\/uploads\/2016\/03\/d091e776-8937-49f7-a4f7-bab3994a51a7.jpg\" alt=\"d091e776-8937-49f7-a4f7-bab3994a51a7\" width=\"591\" height=\"351\" srcset=\"https:\/\/radiowebmx.com\/nota\/wp-content\/uploads\/2016\/03\/d091e776-8937-49f7-a4f7-bab3994a51a7.jpg 591w, https:\/\/radiowebmx.com\/nota\/wp-content\/uploads\/2016\/03\/d091e776-8937-49f7-a4f7-bab3994a51a7-300x178.jpg 300w\" sizes=\"auto, (max-width: 591px) 100vw, 591px\" \/><\/a>El Ayuntamiento de Morelia prepara diversas actividades en el marco del D\u00eda Internacional de la Mujer que se conmemora el pr\u00f3ximo 8 de marzo,\u00a0 de manera que no s\u00f3lo se tenga impacto en un \u00fanico d\u00eda, sino en la conformaci\u00f3n de una pol\u00edtica p\u00fablica integral para este sector de la poblaci\u00f3n.<\/p>\n<p>En sesi\u00f3n de la Comisi\u00f3n de la Mujer, Juventud y Deporte, que coordina el regidor, F\u00e9lix Madrigal Pulido, se sostuvo una reuni\u00f3n con la encargada del despacho del Instituto de la Mujer Moreliana (IMUMO), Ana Mar\u00eda Garc\u00eda Vega y su personal, para exponer la realizaci\u00f3n del \u201cBazar de Artesan\u00edas y Comida Tradicional\u201d programado para el d\u00eda domingo 13 de marzo en punto de las 09:00 horas, en las inmediaciones del Bosque Cuauht\u00e9moc.<\/p>\n<p>Esta actividad tiene como objetivo ofertar y promover todos aquellos productos y\/o art\u00edculos elaborados por las mujeres que habitan tanto en la zona urbana como en las Tenencias, ya que adem\u00e1s la mayor\u00eda de ellas han sido participantes de los talleres de Capacitaci\u00f3n para el autoempleo.<\/p>\n<p>Entre los productos que ese d\u00eda se ofertar\u00e1n, son: pizzas, pan, salsas, dulces y frutas en alm\u00edbar y mermeladas; mientras que de las tenencias, Santa Mar\u00eda de Guido se ofertar\u00e1 mole, de\u00a0 Capula, loza, ollas, macetas y San Nicol\u00e1s Obispo, molcajetes.<\/p>\n<p>Cabe mencionar que para esta actividad y derivada de la agenda de trabajo interinstitucional, el Instituto ha logrado la participaci\u00f3n activa de algunas dependencias municipales, tales como el Sistema DIF Municipal, la Secretar\u00eda de Desarrollo Humano y Bienestar Social y la Secretar\u00eda del Ayuntamiento quienes coadyuvar\u00e1n en el desarrollo del programa de actividades.<\/p>\n<p>Garc\u00eda Vega expuso ante los regidores, Claudia Leticia L\u00e1zaro Medina y F\u00e9lix Madrigal Pulido que se pretende realizar no solo un acto conmemorativo en la fecha sino incrementar y difundir las acciones en favor de la mujer moreliana.<\/p>\n<p>En este sentido la titular del IMUMO destac\u00f3 que se contar\u00e1 con diversas capacitaciones para su personal a cargo, con el fin de mejorar la atenci\u00f3n al p\u00fablico, pues dicha instrucci\u00f3n promueve el tema de calidad, calidez y profesionalismo.<\/p>\n<p>Por su parte, la regidora L\u00e1zaro Medina solicit\u00f3 a Ana Mar\u00eda Garc\u00eda coordinarse para que el IMUMO pueda contar con al menos tres personas capacitadas como interpretes en lenguaje de se\u00f1as e incrementar as\u00ed la atenci\u00f3n integral de la poblaci\u00f3n moreliana, luego que el pasado 25 de febrero se aprobara en sesi\u00f3n de Cabildo contar con este tipo de personal para las sesiones que se transmiten en vivo a trav\u00e9s del portal del Ayuntamiento.<\/p>\n<p>Finalmente, se gener\u00f3 el compromiso en esta reuni\u00f3n de Comisi\u00f3n, de presentar a la brevedad posible todos los programas que actualmente maneja el Instituto de la Mujer Moreliana para su difusi\u00f3n y conocimiento.<\/p>\n","protected":false},"excerpt":{"rendered":"<p>El Ayuntamiento de Morelia prepara diversas actividades en el marco del D\u00eda Internacional de la Mujer que se conmemora el pr\u00f3ximo 8 de marzo,\u00a0 de manera que no s\u00f3lo se tenga impacto en un \u00fanico d\u00eda, sino en la conformaci\u00f3n de una pol\u00edtica p\u00fablica integral para este sector de la poblaci\u00f3n. En sesi\u00f3n de la [&hellip;]<\/p>\n","protected":false},"author":1,"featured_media":21832,"comment_status":"open","ping_status":"open","sticky":false,"template":"","format":"standard","meta":{"footnotes":""},"categories":[14,9],"tags":[],"class_list":["post-21831","post","type-post","status-publish","format-standard","has-post-thumbnail","hentry","category-destacadas","category-morelia"],"_links":{"self":[{"href":"https:\/\/radiowebmx.com\/nota\/wp-json\/wp\/v2\/posts\/21831","targetHints":{"allow":["GET"]}}],"collection":[{"href":"https:\/\/radiowebmx.com\/nota\/wp-json\/wp\/v2\/posts"}],"about":[{"href":"https:\/\/radiowebmx.com\/nota\/wp-json\/wp\/v2\/types\/post"}],"author":[{"embeddable":true,"href":"https:\/\/radiowebmx.com\/nota\/wp-json\/wp\/v2\/users\/1"}],"replies":[{"embeddable":true,"href":"https:\/\/radiowebmx.com\/nota\/wp-json\/wp\/v2\/comments?post=21831"}],"version-history":[{"count":1,"href":"https:\/\/radiowebmx.com\/nota\/wp-json\/wp\/v2\/posts\/21831\/revisions"}],"predecessor-version":[{"id":21833,"href":"https:\/\/radiowebmx.com\/nota\/wp-json\/wp\/v2\/posts\/21831\/revisions\/21833"}],"wp:featuredmedia":[{"embeddable":true,"href":"https:\/\/radiowebmx.com\/nota\/wp-json\/wp\/v2\/media\/21832"}],"wp:attachment":[{"href":"https:\/\/radiowebmx.com\/nota\/wp-json\/wp\/v2\/media?parent=21831"}],"wp:term":[{"taxonomy":"category","embeddable":true,"href":"https:\/\/radiowebmx.com\/nota\/wp-json\/wp\/v2\/categories?post=21831"},{"taxonomy":"post_tag","embeddable":true,"href":"https:\/\/radiowebmx.com\/nota\/wp-json\/wp\/v2\/tags?post=21831"}],"curies":[{"name":"wp","href":"https:\/\/api.w.org\/{rel}","templated":true}]}}