{"id":21828,"date":"2016-03-01T11:22:58","date_gmt":"2016-03-01T17:22:58","guid":{"rendered":"https:\/\/radiowebmx.com\/nota\/?p=21828"},"modified":"2016-03-01T11:23:16","modified_gmt":"2016-03-01T17:23:16","slug":"trabajo-conjunto-para-modernizar-al-cecytem-pide-maria-del-carmen-escobedo","status":"publish","type":"post","link":"https:\/\/radiowebmx.com\/nota\/trabajo-conjunto-para-modernizar-al-cecytem-pide-maria-del-carmen-escobedo\/","title":{"rendered":"Trabajo conjunto para modernizar al CECyTEM, pide Mar\u00eda del Carmen Escobedo"},"content":{"rendered":"<p><a href=\"https:\/\/radiowebmx.com\/nota\/wp-content\/uploads\/2016\/03\/c33fdc95-74e9-40b6-a370-a8f596d4566f.jpg\"><img loading=\"lazy\" decoding=\"async\" class=\"alignleft size-full wp-image-21829\" src=\"https:\/\/radiowebmx.com\/nota\/wp-content\/uploads\/2016\/03\/c33fdc95-74e9-40b6-a370-a8f596d4566f.jpg\" alt=\"c33fdc95-74e9-40b6-a370-a8f596d4566f\" width=\"591\" height=\"330\" srcset=\"https:\/\/radiowebmx.com\/nota\/wp-content\/uploads\/2016\/03\/c33fdc95-74e9-40b6-a370-a8f596d4566f.jpg 591w, https:\/\/radiowebmx.com\/nota\/wp-content\/uploads\/2016\/03\/c33fdc95-74e9-40b6-a370-a8f596d4566f-300x168.jpg 300w, https:\/\/radiowebmx.com\/nota\/wp-content\/uploads\/2016\/03\/c33fdc95-74e9-40b6-a370-a8f596d4566f-284x158.jpg 284w, https:\/\/radiowebmx.com\/nota\/wp-content\/uploads\/2016\/03\/c33fdc95-74e9-40b6-a370-a8f596d4566f-128x72.jpg 128w\" sizes=\"auto, (max-width: 591px) 100vw, 591px\" \/><\/a>El Colegio de Estudios Cient\u00edficos y Tecnol\u00f3gicos del Estado de Michoac\u00e1n (CECyTEM) realiz\u00f3 la reuni\u00f3n general de directores, subdirectores, coordinadores y responsables de los 93 planteles del Colegio, de los cuales 34 son escolarizados y 59 Centros de Educaci\u00f3n Media Superior a Distancia (CEMSAD).<\/p>\n<p>En este marco, la directora general del CECyTEM, Mar\u00eda del Carmen Escobedo P\u00e9rez, destac\u00f3 que se trabaja por la modernizaci\u00f3n de la instituci\u00f3n educativa.<\/p>\n<p>\u201cLa tarea es ardua en cada uno de los planteles y se necesita trabajar de manera conjunta, no s\u00f3lo el director del plantel o responsables, sino toda la comunidad educativa del CECyTEM; para ello necesitamos arroparnos para que en el corto tiempo podamos tener una mejor infraestructura\u201d, apunt\u00f3.<\/p>\n<p>Asimismo, destac\u00f3 que existen avances significativos con la firma de coordinaci\u00f3n de acciones con municipios de la entidad para la construcci\u00f3n de obra por parte de los ayuntamientos, gracias al apoyo y gestiones del Gobernador del Estado, Silvano Aureoles Conejo.<\/p>\n<p>\u201cEl CECyTEM Michoac\u00e1n ser\u00e1 punta de lanza a nivel nacional porque existen muchas mentes brillantes, y mucha capacidad en cada uno de los alumnos, directivos y docentes. Somos parte de un gran equipo que preparamos a los estudiantes para hacerle frente a los retos del presente\u201d, expres\u00f3.<\/p>\n","protected":false},"excerpt":{"rendered":"<p>El CECyTEM realiz\u00f3 la reuni\u00f3n general de directores, subdirectores, coordinadores y responsables de los 93 planteles del Colegio, de los cuales 34 son escolarizados y 59 CEMSAD.<\/p>\n","protected":false},"author":1,"featured_media":21829,"comment_status":"open","ping_status":"open","sticky":false,"template":"","format":"standard","meta":{"footnotes":""},"categories":[14,3],"tags":[],"class_list":["post-21828","post","type-post","status-publish","format-standard","has-post-thumbnail","hentry","category-destacadas","category-gobierno-del-estado-de-michoacan"],"_links":{"self":[{"href":"https:\/\/radiowebmx.com\/nota\/wp-json\/wp\/v2\/posts\/21828","targetHints":{"allow":["GET"]}}],"collection":[{"href":"https:\/\/radiowebmx.com\/nota\/wp-json\/wp\/v2\/posts"}],"about":[{"href":"https:\/\/radiowebmx.com\/nota\/wp-json\/wp\/v2\/types\/post"}],"author":[{"embeddable":true,"href":"https:\/\/radiowebmx.com\/nota\/wp-json\/wp\/v2\/users\/1"}],"replies":[{"embeddable":true,"href":"https:\/\/radiowebmx.com\/nota\/wp-json\/wp\/v2\/comments?post=21828"}],"version-history":[{"count":1,"href":"https:\/\/radiowebmx.com\/nota\/wp-json\/wp\/v2\/posts\/21828\/revisions"}],"predecessor-version":[{"id":21830,"href":"https:\/\/radiowebmx.com\/nota\/wp-json\/wp\/v2\/posts\/21828\/revisions\/21830"}],"wp:featuredmedia":[{"embeddable":true,"href":"https:\/\/radiowebmx.com\/nota\/wp-json\/wp\/v2\/media\/21829"}],"wp:attachment":[{"href":"https:\/\/radiowebmx.com\/nota\/wp-json\/wp\/v2\/media?parent=21828"}],"wp:term":[{"taxonomy":"category","embeddable":true,"href":"https:\/\/radiowebmx.com\/nota\/wp-json\/wp\/v2\/categories?post=21828"},{"taxonomy":"post_tag","embeddable":true,"href":"https:\/\/radiowebmx.com\/nota\/wp-json\/wp\/v2\/tags?post=21828"}],"curies":[{"name":"wp","href":"https:\/\/api.w.org\/{rel}","templated":true}]}}