{"id":21808,"date":"2016-02-29T12:15:23","date_gmt":"2016-02-29T18:15:23","guid":{"rendered":"https:\/\/radiowebmx.com\/nota\/?p=21808"},"modified":"2016-02-29T12:15:23","modified_gmt":"2016-02-29T18:15:23","slug":"liconsa-construira-un-centro-de-acopio-de-leche-fresca-en-tepalcatepec-con-beneficio-economico-y-social-para-la-tierra-caliente","status":"publish","type":"post","link":"https:\/\/radiowebmx.com\/nota\/liconsa-construira-un-centro-de-acopio-de-leche-fresca-en-tepalcatepec-con-beneficio-economico-y-social-para-la-tierra-caliente\/","title":{"rendered":"LICONSA CONSTRUIR\u00c1 UN CENTRO DE ACOPIO DE LECHE FRESCA EN TEPALCATEPEC CON BENEFICIO ECON\u00d3MICO Y SOCIAL PARA LA TIERRA CALIENTE."},"content":{"rendered":"<p><a href=\"https:\/\/radiowebmx.com\/nota\/wp-content\/uploads\/2016\/02\/tepeque-28.02.16.-2.jpg\"><img loading=\"lazy\" decoding=\"async\" class=\"alignleft size-full wp-image-21809\" src=\"https:\/\/radiowebmx.com\/nota\/wp-content\/uploads\/2016\/02\/tepeque-28.02.16.-2.jpg\" alt=\"tepeque 28.02.16. 2\" width=\"591\" height=\"267\" srcset=\"https:\/\/radiowebmx.com\/nota\/wp-content\/uploads\/2016\/02\/tepeque-28.02.16.-2.jpg 591w, https:\/\/radiowebmx.com\/nota\/wp-content\/uploads\/2016\/02\/tepeque-28.02.16.-2-300x136.jpg 300w\" sizes=\"auto, (max-width: 591px) 100vw, 591px\" \/><\/a>En Tepalcatepec se reunieron autoridades de los tres niveles de gobierno e integrantes de la \u00a0Asociaci\u00f3n Ganadera Local, ah\u00ed el gerente estatal de LICONSA, Ger\u00f3nimo Color Gasca reafirm\u00f3 la instrucci\u00f3n del presidente Enrique Pe\u00f1a Nieto para que en esta regi\u00f3n del Valle Apatzing\u00e1n-Tepalcatepec, LICONSA instale un nuevo Centro de Acopio de Leche Fresca en coordinaci\u00f3n con el Gobierno del Estado que encabeza Silvano Aureoles Conejo.<\/p>\n<p>Este anuncio ratifica la implementaci\u00f3n de pol\u00edticas p\u00fablicas de nueva generaci\u00f3n que van a beneficiar al sector ganadero de leche en la regi\u00f3n, con lo que LICONSA tendr\u00e1 la posibilidad de captar hasta 45 mil litros de leche fresca al d\u00eda, con una inversi\u00f3n superior a los \u00a03.5 millones de pesos al mes, ya en funcionamiento \u00a0detall\u00f3.<\/p>\n<p>Color Gasca reafirm\u00f3 que el convenio que celebraran apenas hace un mes el Secretario de Desarrollo Social, Jos\u00e9 Antonio Meade Kuribre\u00f1a, el director general de LICONSA, H\u00e9ctor Pablo Ram\u00edrez Puga Leyva y el gobernador del Estado de Michoac\u00e1n, Silvano Aureoles Conejo es el ejemplo claro de que la suma de esfuerzos y voluntades con la sociedad civil y el Ayuntamiento de Tepalcatepec para consolidar pol\u00edticas p\u00fablicas en beneficio de las clases m\u00e1s desprotegidas, pero a la vez el poder contribuir al desarrollo econ\u00f3mico de la regi\u00f3n de la Tierra Caliente.<\/p>\n<p>En su mensaje ante miles de ganaderos de esta regi\u00f3n, Color Gasca enfatiz\u00f3 que las instrucciones del Presidente Enrique Pe\u00f1a Nieto son de jug\u00e1rsela al lado de los ganaderos de Michoac\u00e1n, como prueba los Centros de Acopio que vienen funcionando en el Valle Morelia-Quer\u00e9ndaro y en la Ci\u00e9nega de Chapala, en las cuales de manera hist\u00f3rica se ha adquirido leche fresca a productores estatales con lo que se cumple con el compromiso de Pe\u00f1a Nieto para desacelerar la importaci\u00f3n de leche a trav\u00e9s de LICONSA y poderle dar paso al desarrollo de las cuencas lecheras en la entidad con la compra de leche fresca a productores por parte de la paraestatal que dirige H\u00e9ctor Pablo Ram\u00edrez Puga Leyva.<\/p>\n<p>Acompa\u00f1ados del diputado federal No\u00e9 Bernandino Vargas, Color Gasca destac\u00f3 el respaldo que el diputado federal por Apatzing\u00e1n ha brindado tambi\u00e9n a la pol\u00edtica social de\u00a0 nueva generaci\u00f3n del Licenciado Enrique Pe\u00f1a Nieto, pues a iniciativa del legislador hay un punto de acuerdo en el Congreso de La Uni\u00f3n para que las entidades de la administraci\u00f3n p\u00fablica federal, los gobiernos estatales y municipales, en sus programas sociales que consumen leche, \u00e9sta sea comprada a LICONSA, por lo que en autom\u00e1tico se beneficiar\u00eda a los ganaderos productores de leche.<\/p>\n<p>Agradeci\u00f3 Color Gasca, tambi\u00e9n la hospitalidad y la gesti\u00f3n de Jos\u00e9 Antonio Chac\u00f3n Far\u00edas, presidente de la Asociaci\u00f3n Ganadera Local de Tepalcatepec, \u00a0por estar siempre atento a respaldar el quehacer institucional de LICONSA en favor de los ganaderos productores de leche en Michoac\u00e1n y en particularmente en la regi\u00f3n.<\/p>\n","protected":false},"excerpt":{"rendered":"<p>En Tepalcatepec se reunieron autoridades de los tres niveles de gobierno e integrantes de la  Asociaci\u00f3n Ganadera Local, <\/p>\n","protected":false},"author":1,"featured_media":21809,"comment_status":"open","ping_status":"open","sticky":false,"template":"","format":"standard","meta":{"footnotes":""},"categories":[14,3],"tags":[],"class_list":["post-21808","post","type-post","status-publish","format-standard","has-post-thumbnail","hentry","category-destacadas","category-gobierno-del-estado-de-michoacan"],"_links":{"self":[{"href":"https:\/\/radiowebmx.com\/nota\/wp-json\/wp\/v2\/posts\/21808","targetHints":{"allow":["GET"]}}],"collection":[{"href":"https:\/\/radiowebmx.com\/nota\/wp-json\/wp\/v2\/posts"}],"about":[{"href":"https:\/\/radiowebmx.com\/nota\/wp-json\/wp\/v2\/types\/post"}],"author":[{"embeddable":true,"href":"https:\/\/radiowebmx.com\/nota\/wp-json\/wp\/v2\/users\/1"}],"replies":[{"embeddable":true,"href":"https:\/\/radiowebmx.com\/nota\/wp-json\/wp\/v2\/comments?post=21808"}],"version-history":[{"count":1,"href":"https:\/\/radiowebmx.com\/nota\/wp-json\/wp\/v2\/posts\/21808\/revisions"}],"predecessor-version":[{"id":21810,"href":"https:\/\/radiowebmx.com\/nota\/wp-json\/wp\/v2\/posts\/21808\/revisions\/21810"}],"wp:featuredmedia":[{"embeddable":true,"href":"https:\/\/radiowebmx.com\/nota\/wp-json\/wp\/v2\/media\/21809"}],"wp:attachment":[{"href":"https:\/\/radiowebmx.com\/nota\/wp-json\/wp\/v2\/media?parent=21808"}],"wp:term":[{"taxonomy":"category","embeddable":true,"href":"https:\/\/radiowebmx.com\/nota\/wp-json\/wp\/v2\/categories?post=21808"},{"taxonomy":"post_tag","embeddable":true,"href":"https:\/\/radiowebmx.com\/nota\/wp-json\/wp\/v2\/tags?post=21808"}],"curies":[{"name":"wp","href":"https:\/\/api.w.org\/{rel}","templated":true}]}}