{"id":21802,"date":"2016-02-29T12:03:04","date_gmt":"2016-02-29T18:03:04","guid":{"rendered":"https:\/\/radiowebmx.com\/nota\/?p=21802"},"modified":"2016-02-29T12:03:04","modified_gmt":"2016-02-29T18:03:04","slug":"migrantes-presentes-en-las-acciones-del-gobierno-de-michoacan-silvano-aureoles","status":"publish","type":"post","link":"https:\/\/radiowebmx.com\/nota\/migrantes-presentes-en-las-acciones-del-gobierno-de-michoacan-silvano-aureoles\/","title":{"rendered":"Migrantes, presentes en las acciones del Gobierno de Michoac\u00e1n: Silvano Aureoles"},"content":{"rendered":"<p><a href=\"https:\/\/radiowebmx.com\/nota\/wp-content\/uploads\/2016\/02\/bbaf9320-d8fc-47eb-97e3-b8080be3c19b.jpg\"><img loading=\"lazy\" decoding=\"async\" class=\"alignleft size-full wp-image-21803\" src=\"https:\/\/radiowebmx.com\/nota\/wp-content\/uploads\/2016\/02\/bbaf9320-d8fc-47eb-97e3-b8080be3c19b.jpg\" alt=\"bbaf9320-d8fc-47eb-97e3-b8080be3c19b\" width=\"591\" height=\"344\" srcset=\"https:\/\/radiowebmx.com\/nota\/wp-content\/uploads\/2016\/02\/bbaf9320-d8fc-47eb-97e3-b8080be3c19b.jpg 591w, https:\/\/radiowebmx.com\/nota\/wp-content\/uploads\/2016\/02\/bbaf9320-d8fc-47eb-97e3-b8080be3c19b-300x175.jpg 300w\" sizes=\"auto, (max-width: 591px) 100vw, 591px\" \/><\/a>Los migrantes tienen que estar presentes y participar en las acciones de mi Gobierno porque tambi\u00e9n son parte del estado, afirm\u00f3 el Gobernador Constitucional Silvano Aureoles Conejo, al inaugurar los trabajos del Segundo Foro Binacional de Consulta y Participaci\u00f3n Ciudadana para la conformaci\u00f3n del Plan Estatal de Desarrollo 2015-2021.<\/p>\n<p>En seguimiento a su compromiso de acercarse a la comunidad migrante e integrar sus propuestas al plan que regir\u00e1 su administraci\u00f3n, Aureoles Conejo presidi\u00f3 el inicio de este segundo Foro en Los \u00c1ngeles, California, entidad norteamericana en la que se estima habitan alrededor de 2 millones de hombres y mujeres originarios de Michoac\u00e1n.<\/p>\n<p>Ah\u00ed, dej\u00f3 en claro que el \u00fanico prop\u00f3sito de su labor en el Ejecutivo es luchar por el bienestar de las michoacanas y michoacanos est\u00e9n donde est\u00e9n, &#8220;no hay otra raz\u00f3n superior que sacar a Michoac\u00e1n adelante, ese es el reto&#8221;.<\/p>\n<p>Dijo que su inter\u00e9s es ejercer el gobierno m\u00e1s all\u00e1 de las fronteras, con pleno respeto a los gobiernos pero vigilando que se hagan valer los derechos de las y los michoacanos.<\/p>\n<p>Despu\u00e9s de reiterar los diez compromisos que asumi\u00f3 para con la comunidad migrante, el mandatario estatal hizo un llamado a todas y todos los connacionales a mantenerse unidos, ya que en Michoac\u00e1n hay mucho por hacer pero se requiere de la conjunci\u00f3n de esfuerzos para sacarlo adelante.<\/p>\n<p>De igual manera, hizo el compromiso de mantenerse atento y cercano a la comunidad migrante, pues es de su inter\u00e9s fortalecer a Michoac\u00e1n e identificarlo como un Estado Binacional.<\/p>\n<p>&#8220;Ustedes son un n\u00famero muy importante de mujeres y hombres que para m\u00ed cuentan y deben ser parte de la toma de decisiones&#8221;, recalc\u00f3.<\/p>\n<p>En el mismo tenor, el secretario del Migrante, Jos\u00e9 Luis Guti\u00e9rrez, enfatiz\u00f3 que con estos dos Foros el mandatario Silvano Aureoles, cumple uno de sus compromisos con las y los michoacanos que radican en los Estados Unidos y tambi\u00e9n solicit\u00f3 que se unan esfuerzos para poder emprender acciones tanto en Michoac\u00e1n como en las comunidades de migrantes en Estados Unidos.<\/p>\n<p>&#8220;Michoac\u00e1n est\u00e1 en un momento clave. Es ahora o nunca, pero necesitamos de todos&#8221;, enfatiz\u00f3 el titular de la Semigrante.<\/p>\n<p>El mandatario michoacano escuch\u00f3 las conclusiones de las tres mesas de trabajo que se establecieron: Buen vivir a cargo de Nallely Cruz P\u00e9rez; Igualdad Social y Productividad, que moder\u00f3 Mar\u00eda Elena Rivera; y Rendici\u00f3n de cuentas, que encabez\u00f3 Gaspar Rivera.<\/p>\n<p>Tambi\u00e9n, Silvano Aureoles tom\u00f3 protesta a los presidentes de una decena de nuevos clubes de migrantes originarios de diversos municipios de la entidad, como\u00a0 Apatzing\u00e1n, Perib\u00e1n, Acuitzio e Hidalgo.<\/p>\n<p>En este marco, la ABC Unified School District y el Concejal de la ciudad de Hawaiian Gardens, entregaron sendos reconocimientos al Gobernador de Michoac\u00e1n por su visita a esta entidad norteamericana y por su inter\u00e9s en las pol\u00edticas p\u00fablicas a favor de la comunidad migrante.<\/p>\n<p>Estuvieron presentes en este foro, el secretario de Desarrollo Econ\u00f3mico del estado, Antonio Soto S\u00e1nchez; as\u00ed como alcaldes de algunos municipios michoacanos y diputados locales.<\/p>\n","protected":false},"excerpt":{"rendered":"<p>Los migrantes tienen que estar presentes y participar en las acciones de mi Gobierno porque tambi\u00e9n son parte del estado, afirm\u00f3 el Gobernador Constitucional Silvano Aureoles Conejo,<\/p>\n","protected":false},"author":1,"featured_media":21803,"comment_status":"open","ping_status":"open","sticky":false,"template":"","format":"standard","meta":{"footnotes":""},"categories":[14,3],"tags":[],"class_list":["post-21802","post","type-post","status-publish","format-standard","has-post-thumbnail","hentry","category-destacadas","category-gobierno-del-estado-de-michoacan"],"_links":{"self":[{"href":"https:\/\/radiowebmx.com\/nota\/wp-json\/wp\/v2\/posts\/21802","targetHints":{"allow":["GET"]}}],"collection":[{"href":"https:\/\/radiowebmx.com\/nota\/wp-json\/wp\/v2\/posts"}],"about":[{"href":"https:\/\/radiowebmx.com\/nota\/wp-json\/wp\/v2\/types\/post"}],"author":[{"embeddable":true,"href":"https:\/\/radiowebmx.com\/nota\/wp-json\/wp\/v2\/users\/1"}],"replies":[{"embeddable":true,"href":"https:\/\/radiowebmx.com\/nota\/wp-json\/wp\/v2\/comments?post=21802"}],"version-history":[{"count":1,"href":"https:\/\/radiowebmx.com\/nota\/wp-json\/wp\/v2\/posts\/21802\/revisions"}],"predecessor-version":[{"id":21804,"href":"https:\/\/radiowebmx.com\/nota\/wp-json\/wp\/v2\/posts\/21802\/revisions\/21804"}],"wp:featuredmedia":[{"embeddable":true,"href":"https:\/\/radiowebmx.com\/nota\/wp-json\/wp\/v2\/media\/21803"}],"wp:attachment":[{"href":"https:\/\/radiowebmx.com\/nota\/wp-json\/wp\/v2\/media?parent=21802"}],"wp:term":[{"taxonomy":"category","embeddable":true,"href":"https:\/\/radiowebmx.com\/nota\/wp-json\/wp\/v2\/categories?post=21802"},{"taxonomy":"post_tag","embeddable":true,"href":"https:\/\/radiowebmx.com\/nota\/wp-json\/wp\/v2\/tags?post=21802"}],"curies":[{"name":"wp","href":"https:\/\/api.w.org\/{rel}","templated":true}]}}