{"id":21799,"date":"2016-02-29T12:00:20","date_gmt":"2016-02-29T18:00:20","guid":{"rendered":"https:\/\/radiowebmx.com\/nota\/?p=21799"},"modified":"2016-02-29T12:00:20","modified_gmt":"2016-02-29T18:00:20","slug":"alista-gobierno-municipal-acciones-para-periodo-de-semana-santa-en-morelia","status":"publish","type":"post","link":"https:\/\/radiowebmx.com\/nota\/alista-gobierno-municipal-acciones-para-periodo-de-semana-santa-en-morelia\/","title":{"rendered":"Alista Gobierno Municipal acciones para periodo de Semana Santa en Morelia"},"content":{"rendered":"<p><a href=\"https:\/\/radiowebmx.com\/nota\/wp-content\/uploads\/2016\/02\/69a558cf-8f6f-4bf1-94ac-59f3e0a771b2.jpg\"><img loading=\"lazy\" decoding=\"async\" class=\"alignleft size-full wp-image-21800\" src=\"https:\/\/radiowebmx.com\/nota\/wp-content\/uploads\/2016\/02\/69a558cf-8f6f-4bf1-94ac-59f3e0a771b2.jpg\" alt=\"69a558cf-8f6f-4bf1-94ac-59f3e0a771b2\" width=\"591\" height=\"338\" srcset=\"https:\/\/radiowebmx.com\/nota\/wp-content\/uploads\/2016\/02\/69a558cf-8f6f-4bf1-94ac-59f3e0a771b2.jpg 591w, https:\/\/radiowebmx.com\/nota\/wp-content\/uploads\/2016\/02\/69a558cf-8f6f-4bf1-94ac-59f3e0a771b2-300x172.jpg 300w, https:\/\/radiowebmx.com\/nota\/wp-content\/uploads\/2016\/02\/69a558cf-8f6f-4bf1-94ac-59f3e0a771b2-128x72.jpg 128w\" sizes=\"auto, (max-width: 591px) 100vw, 591px\" \/><\/a>Con el objetivo de que Morelia cuente con las mejores condiciones en materia tur\u00edstica y que los visitantes se lleven la mejor impresi\u00f3n de la ciudad en el pr\u00f3ximo periodo vacacional de Semana Santa, el Ayuntamiento de Morelia, a trav\u00e9s de la Secretar\u00eda de Turismo Municipal, alista las primeras acciones que se llevar\u00e1n a cabo en el marco de esta fecha.<\/p>\n<p>El director de Productos y Servicios Tur\u00edsticos, Ra\u00fal Oma\u00f1a Lelo de Larrea, encabez\u00f3 una reuni\u00f3n de interdependencias para coordinar los esfuerzos en la materia, con lo que arranc\u00f3 de manera oficial los preparativos de este periodo.<\/p>\n<p>As\u00ed, las direcciones de Alumbrado P\u00fablico, Parques y Jardines, Aseo P\u00fablico, Protecci\u00f3n Civil, Archivo Hist\u00f3rico, la Gerencia del Patrimonio Cultural, la propia Secretar\u00eda de Turismo Municipal y su dependencia hom\u00f3loga estatal, as\u00ed como la Secretar\u00eda de Cultura del Estado, sumar\u00e1n estrategias en aras de potenciar el turismo en las pr\u00f3ximas vacaciones.<\/p>\n<p>Es de recordar que la Semana Santa en la capital del estado, se enmarcan en una seria de actividades culturales, tales como la tradicional Procesi\u00f3n del Silencio, que recorre la Avenida Madero, partiendo de la fuente de Las Tarascas y concluye en el templo de Capuchinas, y con donde se espera una participaci\u00f3n de m\u00e1s de 20 cofrad\u00edas que transitar\u00e1n por dicha ruta el viernes 25 de marzo.<\/p>\n<p>El funcionario municipal, refiri\u00f3 que esta tradici\u00f3n se ha vuelto en los \u00faltimos a\u00f1os, un atractivo tur\u00edstico cultural que re\u00fane a miles de creyentes, logrando as\u00ed posicionar a la Procesi\u00f3n del Silencio como una de las que tienen mayor afluencia en el municipio.<\/p>\n<p>En este tenor, resalt\u00f3 que uno de los objetivos que tiene el Ayuntamiento particularmente en este periodo vacacional, es seguir preservando y respetando las tradiciones, de tal forma que de tanto visitantes como morelianos cuenten con un abanico de opciones culturales, gastron\u00f3micas y tur\u00edsticas.<\/p>\n<p>Asimismo, Ra\u00fal Oma\u00f1a, puntualiz\u00f3 que por indicaciones del Presidente Municipal, Alfonso Mart\u00ednez Alc\u00e1zar, la Secretar\u00eda de Turismo, pretende posicionar a la capital michoacana como uno de los destinos predilectos de turistas, \u201cpor ello trabajamos en estrecha coordinaci\u00f3n con las instancias municipales y estatales involucradas, para que los miles de visitantes que se den cita en este marco se lleven la mejor impresi\u00f3n del Morelia de Todos\u201d.<\/p>\n","protected":false},"excerpt":{"rendered":"<p>Con el objetivo de que Morelia cuente con las mejores condiciones en materia tur\u00edstica y que los visitantes se lleven la mejor impresi\u00f3n de la ciudad en el pr\u00f3ximo periodo vacacional de Semana Santa, el Ayuntamiento de Morelia, a trav\u00e9s de la Secretar\u00eda de Turismo Municipal, alista las primeras acciones que se llevar\u00e1n a cabo [&hellip;]<\/p>\n","protected":false},"author":1,"featured_media":21800,"comment_status":"open","ping_status":"open","sticky":false,"template":"","format":"standard","meta":{"footnotes":""},"categories":[14,9],"tags":[],"class_list":["post-21799","post","type-post","status-publish","format-standard","has-post-thumbnail","hentry","category-destacadas","category-morelia"],"_links":{"self":[{"href":"https:\/\/radiowebmx.com\/nota\/wp-json\/wp\/v2\/posts\/21799","targetHints":{"allow":["GET"]}}],"collection":[{"href":"https:\/\/radiowebmx.com\/nota\/wp-json\/wp\/v2\/posts"}],"about":[{"href":"https:\/\/radiowebmx.com\/nota\/wp-json\/wp\/v2\/types\/post"}],"author":[{"embeddable":true,"href":"https:\/\/radiowebmx.com\/nota\/wp-json\/wp\/v2\/users\/1"}],"replies":[{"embeddable":true,"href":"https:\/\/radiowebmx.com\/nota\/wp-json\/wp\/v2\/comments?post=21799"}],"version-history":[{"count":1,"href":"https:\/\/radiowebmx.com\/nota\/wp-json\/wp\/v2\/posts\/21799\/revisions"}],"predecessor-version":[{"id":21801,"href":"https:\/\/radiowebmx.com\/nota\/wp-json\/wp\/v2\/posts\/21799\/revisions\/21801"}],"wp:featuredmedia":[{"embeddable":true,"href":"https:\/\/radiowebmx.com\/nota\/wp-json\/wp\/v2\/media\/21800"}],"wp:attachment":[{"href":"https:\/\/radiowebmx.com\/nota\/wp-json\/wp\/v2\/media?parent=21799"}],"wp:term":[{"taxonomy":"category","embeddable":true,"href":"https:\/\/radiowebmx.com\/nota\/wp-json\/wp\/v2\/categories?post=21799"},{"taxonomy":"post_tag","embeddable":true,"href":"https:\/\/radiowebmx.com\/nota\/wp-json\/wp\/v2\/tags?post=21799"}],"curies":[{"name":"wp","href":"https:\/\/api.w.org\/{rel}","templated":true}]}}