{"id":21795,"date":"2016-02-29T11:55:54","date_gmt":"2016-02-29T17:55:54","guid":{"rendered":"https:\/\/radiowebmx.com\/nota\/?p=21795"},"modified":"2016-02-29T11:56:02","modified_gmt":"2016-02-29T17:56:02","slug":"garantizada-la-austeridad-y-la-transparencia-silvia-estrada","status":"publish","type":"post","link":"https:\/\/radiowebmx.com\/nota\/garantizada-la-austeridad-y-la-transparencia-silvia-estrada\/","title":{"rendered":"Garantizada, la austeridad y la transparencia: Silvia Estrada"},"content":{"rendered":"<p><a href=\"https:\/\/radiowebmx.com\/nota\/wp-content\/uploads\/2016\/02\/8871bd74-03d9-494a-8d6f-353ea82739f8.jpg\"><img loading=\"lazy\" decoding=\"async\" class=\"alignleft size-full wp-image-21796\" src=\"https:\/\/radiowebmx.com\/nota\/wp-content\/uploads\/2016\/02\/8871bd74-03d9-494a-8d6f-353ea82739f8.jpg\" alt=\"8871bd74-03d9-494a-8d6f-353ea82739f8\" width=\"591\" height=\"256\" srcset=\"https:\/\/radiowebmx.com\/nota\/wp-content\/uploads\/2016\/02\/8871bd74-03d9-494a-8d6f-353ea82739f8.jpg 591w, https:\/\/radiowebmx.com\/nota\/wp-content\/uploads\/2016\/02\/8871bd74-03d9-494a-8d6f-353ea82739f8-300x130.jpg 300w\" sizes=\"auto, (max-width: 591px) 100vw, 591px\" \/><\/a>Austeridad, eficacia, transparencia y rendici\u00f3n de cuentas, son medidas obligatorias para todas las \u00e1reas del Gobierno de Michoac\u00e1n, subray\u00f3 la titular de la Secretar\u00eda de Contralor\u00eda (Secoem), Silvia Estrada Esquivel.<\/p>\n<p>Detall\u00f3 que la dependencia que encabeza se encargar\u00e1 de vigilar que se cumpla lo estipulado en el Decreto Administrativo de Medidas de Austeridad, Transparencia y Eficiencia del Gasto P\u00fablico de la Administraci\u00f3n P\u00fablica del Estado, que impulsa el Gobernador Silvano Aureoles Conejo y que fue signado por los titulares de los Poderes Ejecutivo, Legislativo y Judicial.<\/p>\n<p>\u201cCon este plan de austeridad el Gobierno del Estado ser\u00e1 una caja de cristal que garantice la transparencia y rendici\u00f3n de cuentas. De esta forma se tendr\u00e1 un ahorro para racionalizar y optimizar los recursos p\u00fablicos\u201d, resalt\u00f3 Silvia Estrada Esquivel.<\/p>\n<p>Asever\u00f3 que las y los michoacanos sabr\u00e1n en qu\u00e9 se gasta cada peso y cu\u00e1les son los resultados en beneficio de la poblaci\u00f3n de los programas, obras y acciones de la administraci\u00f3n p\u00fablica estatal.<\/p>\n<p>La titular de la Secoem resalt\u00f3 que las econom\u00edas que se generen con este plan de austeridad ser\u00e1n destinadas a fortalecer los programas sociales, los proyectos para el desarrollo econ\u00f3mico y la creaci\u00f3n de m\u00e1s y mejores empleos en la entidad.<\/p>\n<p>\u201cEl Gobernador Silvano Aureoles nos ha pedido que nos sujetemos al presupuesto designado eficientando las tareas, campa\u00f1as y programas, sin que esto implique la reducci\u00f3n de metas y objetivos de cada dependencia p\u00fablica\u201d, se\u00f1al\u00f3.<\/p>\n","protected":false},"excerpt":{"rendered":"<p>Austeridad, eficacia, transparencia y rendici\u00f3n de cuentas, son medidas obligatorias para todas las \u00e1reas del Gobierno de Michoac\u00e1n, subray\u00f3 la titular de la Secoem, Silvia Estrada Esquivel.<\/p>\n","protected":false},"author":1,"featured_media":21796,"comment_status":"open","ping_status":"open","sticky":false,"template":"","format":"standard","meta":{"footnotes":""},"categories":[14,3],"tags":[],"class_list":["post-21795","post","type-post","status-publish","format-standard","has-post-thumbnail","hentry","category-destacadas","category-gobierno-del-estado-de-michoacan"],"_links":{"self":[{"href":"https:\/\/radiowebmx.com\/nota\/wp-json\/wp\/v2\/posts\/21795","targetHints":{"allow":["GET"]}}],"collection":[{"href":"https:\/\/radiowebmx.com\/nota\/wp-json\/wp\/v2\/posts"}],"about":[{"href":"https:\/\/radiowebmx.com\/nota\/wp-json\/wp\/v2\/types\/post"}],"author":[{"embeddable":true,"href":"https:\/\/radiowebmx.com\/nota\/wp-json\/wp\/v2\/users\/1"}],"replies":[{"embeddable":true,"href":"https:\/\/radiowebmx.com\/nota\/wp-json\/wp\/v2\/comments?post=21795"}],"version-history":[{"count":1,"href":"https:\/\/radiowebmx.com\/nota\/wp-json\/wp\/v2\/posts\/21795\/revisions"}],"predecessor-version":[{"id":21798,"href":"https:\/\/radiowebmx.com\/nota\/wp-json\/wp\/v2\/posts\/21795\/revisions\/21798"}],"wp:featuredmedia":[{"embeddable":true,"href":"https:\/\/radiowebmx.com\/nota\/wp-json\/wp\/v2\/media\/21796"}],"wp:attachment":[{"href":"https:\/\/radiowebmx.com\/nota\/wp-json\/wp\/v2\/media?parent=21795"}],"wp:term":[{"taxonomy":"category","embeddable":true,"href":"https:\/\/radiowebmx.com\/nota\/wp-json\/wp\/v2\/categories?post=21795"},{"taxonomy":"post_tag","embeddable":true,"href":"https:\/\/radiowebmx.com\/nota\/wp-json\/wp\/v2\/tags?post=21795"}],"curies":[{"name":"wp","href":"https:\/\/api.w.org\/{rel}","templated":true}]}}