{"id":21792,"date":"2016-02-29T11:50:40","date_gmt":"2016-02-29T17:50:40","guid":{"rendered":"https:\/\/radiowebmx.com\/nota\/?p=21792"},"modified":"2016-02-29T11:50:57","modified_gmt":"2016-02-29T17:50:57","slug":"llama-cofom-a-extremar-precauciones-en-el-uso-del-fuego","status":"publish","type":"post","link":"https:\/\/radiowebmx.com\/nota\/llama-cofom-a-extremar-precauciones-en-el-uso-del-fuego\/","title":{"rendered":"Llama COFOM a extremar precauciones en el uso del fuego"},"content":{"rendered":"<p><a href=\"https:\/\/radiowebmx.com\/nota\/wp-content\/uploads\/2016\/02\/b515ce87-2146-4858-ac90-8b6ebc502a59.jpg\"><img loading=\"lazy\" decoding=\"async\" class=\"alignleft size-full wp-image-21793\" src=\"https:\/\/radiowebmx.com\/nota\/wp-content\/uploads\/2016\/02\/b515ce87-2146-4858-ac90-8b6ebc502a59.jpg\" alt=\"b515ce87-2146-4858-ac90-8b6ebc502a59\" width=\"591\" height=\"319\" srcset=\"https:\/\/radiowebmx.com\/nota\/wp-content\/uploads\/2016\/02\/b515ce87-2146-4858-ac90-8b6ebc502a59.jpg 591w, https:\/\/radiowebmx.com\/nota\/wp-content\/uploads\/2016\/02\/b515ce87-2146-4858-ac90-8b6ebc502a59-300x162.jpg 300w\" sizes=\"auto, (max-width: 591px) 100vw, 591px\" \/><\/a>El Gobierno estatal, a trav\u00e9s de la Comisi\u00f3n Forestal del Estado de Michoac\u00e1n (COFOM), hace un llamado a la sociedad en general y en especial a los productores agropecuarios, para que extremen precauciones en el uso del fuego y se eviten as\u00ed los incendios forestales o quemas de predios urbanos.<\/p>\n<p>El director general de la COFOM, Roberto P\u00e9rez Medrano, destac\u00f3 que en coordinaci\u00f3n con la Comisi\u00f3n Nacional Forestal (CONAFOR) en Michoac\u00e1n opera el Centro Estatal de Control y Combate de Incendios Forestales, con sede en Morelia, en donde se dise\u00f1an las estrategias para enfrentar los siniestros mediante un Mando Unificado.<\/p>\n<p>Resalt\u00f3 que se mantiene una estrecha colaboraci\u00f3n con el Gobierno federal, los ayuntamientos e instancias como Protecci\u00f3n Civil, Bomberos y el Ej\u00e9rcito Mexicano, adem\u00e1s de los due\u00f1os y poseedores del bosque, para dise\u00f1ar y aplicar acciones de prevenci\u00f3n y\u00a0 ataque al fuego en los 113 municipios michoacanos.<\/p>\n<p>Tenemos en puerta la temporada de este 2016, por lo que es necesario reforzar las tareas preventivas, como son la capacitaci\u00f3n de brigadas, apertura de brechas cortafuego y determinar la manera de operar de las torres de vigilancia, entre otras acciones, apunt\u00f3 el director general de la COFOM.<\/p>\n<p>No obstante, indic\u00f3 que para atender los incendios forestales que se presentan cada a\u00f1o, los due\u00f1os y poseedores del bosque deber\u00edan ser los primeros en emprender acciones preventivas.<\/p>\n<p>Finalmente, P\u00e9rez Medrano dijo que, es necesario que la poblaci\u00f3n tome conciencia de los da\u00f1os ambientales que causan los incendios forestales y realizar acciones preventivas.<\/p>\n<p>En caso de que se registren conflagraciones, record\u00f3 que se deben reportar a los tel\u00e9fonos 01800 4623 6346 (nacional), 01800 712 566 y 443 312 5043 (Incendios Cofom) y 443 308 2176 (Centro Estatal de Incendios Forestales).<\/p>\n","protected":false},"excerpt":{"rendered":"<p>El Gobierno estatal, a trav\u00e9s de la COFOM, hace un llamado a la sociedad en general y en especial a los productores agropecuarios,<\/p>\n","protected":false},"author":1,"featured_media":21793,"comment_status":"open","ping_status":"open","sticky":false,"template":"","format":"standard","meta":{"footnotes":""},"categories":[14,3],"tags":[],"class_list":["post-21792","post","type-post","status-publish","format-standard","has-post-thumbnail","hentry","category-destacadas","category-gobierno-del-estado-de-michoacan"],"_links":{"self":[{"href":"https:\/\/radiowebmx.com\/nota\/wp-json\/wp\/v2\/posts\/21792","targetHints":{"allow":["GET"]}}],"collection":[{"href":"https:\/\/radiowebmx.com\/nota\/wp-json\/wp\/v2\/posts"}],"about":[{"href":"https:\/\/radiowebmx.com\/nota\/wp-json\/wp\/v2\/types\/post"}],"author":[{"embeddable":true,"href":"https:\/\/radiowebmx.com\/nota\/wp-json\/wp\/v2\/users\/1"}],"replies":[{"embeddable":true,"href":"https:\/\/radiowebmx.com\/nota\/wp-json\/wp\/v2\/comments?post=21792"}],"version-history":[{"count":1,"href":"https:\/\/radiowebmx.com\/nota\/wp-json\/wp\/v2\/posts\/21792\/revisions"}],"predecessor-version":[{"id":21794,"href":"https:\/\/radiowebmx.com\/nota\/wp-json\/wp\/v2\/posts\/21792\/revisions\/21794"}],"wp:featuredmedia":[{"embeddable":true,"href":"https:\/\/radiowebmx.com\/nota\/wp-json\/wp\/v2\/media\/21793"}],"wp:attachment":[{"href":"https:\/\/radiowebmx.com\/nota\/wp-json\/wp\/v2\/media?parent=21792"}],"wp:term":[{"taxonomy":"category","embeddable":true,"href":"https:\/\/radiowebmx.com\/nota\/wp-json\/wp\/v2\/categories?post=21792"},{"taxonomy":"post_tag","embeddable":true,"href":"https:\/\/radiowebmx.com\/nota\/wp-json\/wp\/v2\/tags?post=21792"}],"curies":[{"name":"wp","href":"https:\/\/api.w.org\/{rel}","templated":true}]}}