{"id":21789,"date":"2016-02-29T11:41:26","date_gmt":"2016-02-29T17:41:26","guid":{"rendered":"https:\/\/radiowebmx.com\/nota\/?p=21789"},"modified":"2016-02-29T11:41:26","modified_gmt":"2016-02-29T17:41:26","slug":"alcaldias-se-suman-a-la-lucha-contra-la-pobreza-alimentaria-sepsol","status":"publish","type":"post","link":"https:\/\/radiowebmx.com\/nota\/alcaldias-se-suman-a-la-lucha-contra-la-pobreza-alimentaria-sepsol\/","title":{"rendered":"Alcald\u00edas se suman a la lucha contra la pobreza alimentaria: Sepsol"},"content":{"rendered":"<figure id=\"attachment_21790\" aria-describedby=\"caption-attachment-21790\" style=\"width: 591px\" class=\"wp-caption alignleft\"><a href=\"https:\/\/radiowebmx.com\/nota\/wp-content\/uploads\/2016\/02\/662d8c17-4918-42b8-8431-3f5eaf59b7fc.jpg\"><img loading=\"lazy\" decoding=\"async\" class=\"size-full wp-image-21790\" src=\"https:\/\/radiowebmx.com\/nota\/wp-content\/uploads\/2016\/02\/662d8c17-4918-42b8-8431-3f5eaf59b7fc.jpg\" alt=\"240216 Morelia, Michoac\u00e1n. Este medio d\u00eda la titular de la Secretar\u00eda de Pol\u00edtica Social, Miriam Tinoco Soto, firm\u00f3 convenio con distintos alcaldes del estado para la protecci\u00f3n social alimentaria para adultos mayores, entre ellos los alcaldes Miguel Prado Morales y el MVZ. Cenobio Hern\u00e1ndez Lara de Nahuatzen y Ario de Rosales, respectivamente.\" width=\"591\" height=\"321\" srcset=\"https:\/\/radiowebmx.com\/nota\/wp-content\/uploads\/2016\/02\/662d8c17-4918-42b8-8431-3f5eaf59b7fc.jpg 591w, https:\/\/radiowebmx.com\/nota\/wp-content\/uploads\/2016\/02\/662d8c17-4918-42b8-8431-3f5eaf59b7fc-300x163.jpg 300w\" sizes=\"auto, (max-width: 591px) 100vw, 591px\" \/><\/a><figcaption id=\"caption-attachment-21790\" class=\"wp-caption-text\">240216 Morelia, Michoac\u00e1n. Este medio d\u00eda la titular de la Secretar\u00eda de Pol\u00edtica Social, Miriam Tinoco Soto, firm\u00f3 convenio con distintos alcaldes del estado para la protecci\u00f3n social alimentaria para adultos mayores, entre ellos los alcaldes Miguel Prado Morales y el MVZ. Cenobio Hern\u00e1ndez Lara de Nahuatzen y Ario de Rosales, respectivamente.<\/figcaption><\/figure>\n<p>Para combatir de forma eficaz la pobreza, uno de los objetivos prioritarios de la administraci\u00f3n estatal que encabeza el Gobernador Silvano Aureoles Conejo, la Secretar\u00eda de Pol\u00edtica Social (Sepsol), a trav\u00e9s de su titular, Miriam Tinoco Soto, ha convenido con 78 alcald\u00edas michoacanas su adhesi\u00f3n al Sistema Integral para la Alimentaci\u00f3n de los Adultos Mayores.<br \/>\nCon una inversi\u00f3n de 190 millones de pesos, este programa que se aplicar\u00e1 en los 113 municipios, brindar\u00e1 a los adultos mayores de 65 a\u00f1os en situaci\u00f3n pobreza, apoyo mediante la canasta b\u00e1sica alimentaria y orientaci\u00f3n nutricional para mejorar su calidad de vida.<br \/>\nA decir de Tinoco Soto, \u201ceste programa atender\u00e1 prioritariamente a 65 mil adultos mayores con carencia alimentaria severa que se tienen registrados en Michoac\u00e1n, ya que esta problem\u00e1tica tiene una relaci\u00f3n estrecha con la falta de oportunidades y desarrollo\u201d.<br \/>\nEn ese sentido, la titular de la Sepsol sostuvo que el combate a la pobreza alimentaria constituye todo un reto para la pol\u00edtica social del estado, pues est\u00e1 considerado como un indicador b\u00e1sico para para la medici\u00f3n multidimensional de la pobreza en M\u00e9xico.<br \/>\nAdem\u00e1s, record\u00f3 que de acuerdo con el Consejo Nacional de Evaluaci\u00f3n de la Pol\u00edtica de Desarrollo Social (Coneval), este rubro present\u00f3 un deterioro importante en Michoac\u00e1n entre 2012 y 2014, por lo que se revisaron y modificaron las reglas de operaci\u00f3n del programa conocido como canasta b\u00e1sica para adultos mayores con el fin de implementar pol\u00edticas p\u00fablicas de mayor impacto.<br \/>\nEn este contexto, inform\u00f3 que el Gobernador Silvano Aureoles Conejo, instruy\u00f3 poner atenci\u00f3n e implementar apoyos y orientaci\u00f3n en materia alimentaria que promuevan la equidad y eliminen la exclusi\u00f3n social en este caso de los adultos mayores.<br \/>\nComo resultado, la nueva canasta b\u00e1sica incrementar\u00e1 el valor econ\u00f3mico y nutricional de sus productos, adem\u00e1s de que sus beneficiarios tendr\u00e1n la garant\u00eda de recibir una despensa mensual por adulto mayor durante todo el a\u00f1o y no s\u00f3lo durante ocho o diez meses.<br \/>\nTras los ajustes realizados, estos apoyos beneficiar\u00e1n directamente a 100 mil personas de la tercera edad, entre los que se cuentan los 65 mil adultos mayores con carencia alimentaria severa y 75 mil m\u00e1s con carencia alimentaria moderada.<br \/>\nFinalmente, Tinoco Soto destac\u00f3 que para garantizar su correcta aplicaci\u00f3n y la transparencia de los recursos etiquetados, el programa se pondr\u00e1 en marcha de manera coordinada entre el Gobierno del Estado, a trav\u00e9s de la Sepsol y los 113 ayuntamientos.<\/p>\n","protected":false},"excerpt":{"rendered":"<p>Para combatir de forma eficaz la pobreza, uno de los objetivos prioritarios de la administraci\u00f3n estatal que encabeza el Gobernador Silvano Aureoles Conejo, la Sepsol,<\/p>\n","protected":false},"author":1,"featured_media":21790,"comment_status":"open","ping_status":"open","sticky":false,"template":"","format":"standard","meta":{"footnotes":""},"categories":[14,3],"tags":[],"class_list":["post-21789","post","type-post","status-publish","format-standard","has-post-thumbnail","hentry","category-destacadas","category-gobierno-del-estado-de-michoacan"],"_links":{"self":[{"href":"https:\/\/radiowebmx.com\/nota\/wp-json\/wp\/v2\/posts\/21789","targetHints":{"allow":["GET"]}}],"collection":[{"href":"https:\/\/radiowebmx.com\/nota\/wp-json\/wp\/v2\/posts"}],"about":[{"href":"https:\/\/radiowebmx.com\/nota\/wp-json\/wp\/v2\/types\/post"}],"author":[{"embeddable":true,"href":"https:\/\/radiowebmx.com\/nota\/wp-json\/wp\/v2\/users\/1"}],"replies":[{"embeddable":true,"href":"https:\/\/radiowebmx.com\/nota\/wp-json\/wp\/v2\/comments?post=21789"}],"version-history":[{"count":1,"href":"https:\/\/radiowebmx.com\/nota\/wp-json\/wp\/v2\/posts\/21789\/revisions"}],"predecessor-version":[{"id":21791,"href":"https:\/\/radiowebmx.com\/nota\/wp-json\/wp\/v2\/posts\/21789\/revisions\/21791"}],"wp:featuredmedia":[{"embeddable":true,"href":"https:\/\/radiowebmx.com\/nota\/wp-json\/wp\/v2\/media\/21790"}],"wp:attachment":[{"href":"https:\/\/radiowebmx.com\/nota\/wp-json\/wp\/v2\/media?parent=21789"}],"wp:term":[{"taxonomy":"category","embeddable":true,"href":"https:\/\/radiowebmx.com\/nota\/wp-json\/wp\/v2\/categories?post=21789"},{"taxonomy":"post_tag","embeddable":true,"href":"https:\/\/radiowebmx.com\/nota\/wp-json\/wp\/v2\/tags?post=21789"}],"curies":[{"name":"wp","href":"https:\/\/api.w.org\/{rel}","templated":true}]}}