{"id":21786,"date":"2016-02-29T11:39:25","date_gmt":"2016-02-29T17:39:25","guid":{"rendered":"https:\/\/radiowebmx.com\/nota\/?p=21786"},"modified":"2016-02-29T11:39:25","modified_gmt":"2016-02-29T17:39:25","slug":"mantiene-ijum-abiertas-las-inscripciones-a-sus-cursos-y-talleres","status":"publish","type":"post","link":"https:\/\/radiowebmx.com\/nota\/mantiene-ijum-abiertas-las-inscripciones-a-sus-cursos-y-talleres\/","title":{"rendered":"Mantiene IJUM abiertas las inscripciones a sus cursos y talleres"},"content":{"rendered":"<p><a href=\"https:\/\/radiowebmx.com\/nota\/wp-content\/uploads\/2016\/02\/1dcf1fc2-38a0-4bc3-8783-ed5047e1ea3c.jpg\"><img loading=\"lazy\" decoding=\"async\" class=\"alignleft size-full wp-image-21787\" src=\"https:\/\/radiowebmx.com\/nota\/wp-content\/uploads\/2016\/02\/1dcf1fc2-38a0-4bc3-8783-ed5047e1ea3c.jpg\" alt=\"1dcf1fc2-38a0-4bc3-8783-ed5047e1ea3c\" width=\"591\" height=\"280\" srcset=\"https:\/\/radiowebmx.com\/nota\/wp-content\/uploads\/2016\/02\/1dcf1fc2-38a0-4bc3-8783-ed5047e1ea3c.jpg 591w, https:\/\/radiowebmx.com\/nota\/wp-content\/uploads\/2016\/02\/1dcf1fc2-38a0-4bc3-8783-ed5047e1ea3c-300x142.jpg 300w\" sizes=\"auto, (max-width: 591px) 100vw, 591px\" \/><\/a>Con m\u00e1s de una docena de talleres y cursos, el Instituto de la Juventud Moreliana (IJUM) mantiene abiertas sus inscripciones al p\u00fablico\u00a0 de 12 a 29 a\u00f1os, inform\u00f3 su titular, Ana Cristina Prado Mart\u00ednez, quien detall\u00f3 que ser\u00e1\u00a0 hasta mediados del mes de marzo del presente 2016,\u00a0 el plazo para que\u00a0 j\u00f3venes que quieran practicar un deporte, actividad recreativa o de oficio, se puedan registrar.<\/p>\n<p>Entre las actividades que se ofertan se encuentran: Kick boxing, jiu-jitsu,\u00a0 artes marciales, taekwondo, kendo, percusiones, danza \u00e1rabe, \u00e1rea, contempor\u00e1nea o tahitiana, ingl\u00e9s, computaci\u00f3n, mesa de postres, peinado y maquillajes\u00a0 y danza urbana.<\/p>\n<p>Prado Mart\u00ednez destac\u00f3 que si bien ya iniciaron los cursos y talleres semestrales, a\u00fan se puede inscribir, ya sea a trav\u00e9s del tel\u00e9fono 312 2735 ext 2735\u00a0 o\u00a0 acudir a las instalaciones del Instituto de la Juventud Moreliana, ubicadas en avenida Periodismo sin n\u00famero, en la colonia Nueva Valladolid.<\/p>\n<p>El\u00a0 \u00fanico requisito es el pago de una cuota de recuperaci\u00f3n y cumplir con el rango de edad de 12 a 29 a\u00f1os, aunque existe la posibilidad de acceder a becas mediante un estudio socioecon\u00f3mico.<\/p>\n<p>La encargada de la pol\u00edtica juvenil de Morelia record\u00f3 que no es necesaria ninguna documentaci\u00f3n y que el gafete de identificaci\u00f3n para acreditarse como alumno del IJUM, se les proporciona por la dependencia municipal a su cargo.<\/p>\n","protected":false},"excerpt":{"rendered":"<p>Con m\u00e1s de una docena de talleres y cursos, el IJUM mantiene abiertas sus inscripciones al p\u00fablico  de 12 a 29 a\u00f1os, inform\u00f3 su titular, Ana Cristina Prado Mart\u00ednez,<\/p>\n","protected":false},"author":1,"featured_media":21787,"comment_status":"open","ping_status":"open","sticky":false,"template":"","format":"standard","meta":{"footnotes":""},"categories":[14,9],"tags":[],"class_list":["post-21786","post","type-post","status-publish","format-standard","has-post-thumbnail","hentry","category-destacadas","category-morelia"],"_links":{"self":[{"href":"https:\/\/radiowebmx.com\/nota\/wp-json\/wp\/v2\/posts\/21786","targetHints":{"allow":["GET"]}}],"collection":[{"href":"https:\/\/radiowebmx.com\/nota\/wp-json\/wp\/v2\/posts"}],"about":[{"href":"https:\/\/radiowebmx.com\/nota\/wp-json\/wp\/v2\/types\/post"}],"author":[{"embeddable":true,"href":"https:\/\/radiowebmx.com\/nota\/wp-json\/wp\/v2\/users\/1"}],"replies":[{"embeddable":true,"href":"https:\/\/radiowebmx.com\/nota\/wp-json\/wp\/v2\/comments?post=21786"}],"version-history":[{"count":1,"href":"https:\/\/radiowebmx.com\/nota\/wp-json\/wp\/v2\/posts\/21786\/revisions"}],"predecessor-version":[{"id":21788,"href":"https:\/\/radiowebmx.com\/nota\/wp-json\/wp\/v2\/posts\/21786\/revisions\/21788"}],"wp:featuredmedia":[{"embeddable":true,"href":"https:\/\/radiowebmx.com\/nota\/wp-json\/wp\/v2\/media\/21787"}],"wp:attachment":[{"href":"https:\/\/radiowebmx.com\/nota\/wp-json\/wp\/v2\/media?parent=21786"}],"wp:term":[{"taxonomy":"category","embeddable":true,"href":"https:\/\/radiowebmx.com\/nota\/wp-json\/wp\/v2\/categories?post=21786"},{"taxonomy":"post_tag","embeddable":true,"href":"https:\/\/radiowebmx.com\/nota\/wp-json\/wp\/v2\/tags?post=21786"}],"curies":[{"name":"wp","href":"https:\/\/api.w.org\/{rel}","templated":true}]}}