{"id":21782,"date":"2016-02-29T11:35:32","date_gmt":"2016-02-29T17:35:32","guid":{"rendered":"https:\/\/radiowebmx.com\/nota\/?p=21782"},"modified":"2016-02-29T11:35:32","modified_gmt":"2016-02-29T17:35:32","slug":"las-personas-de-la-tercera-edad-son-un-gran-activo-social-adriana-hernandez","status":"publish","type":"post","link":"https:\/\/radiowebmx.com\/nota\/las-personas-de-la-tercera-edad-son-un-gran-activo-social-adriana-hernandez\/","title":{"rendered":"Las personas de la tercera edad son un gran activo social: Adriana Hern\u00e1ndez"},"content":{"rendered":"<p class=\"x_MsoNormal\"><a href=\"https:\/\/radiowebmx.com\/nota\/wp-content\/uploads\/2016\/02\/alegria1.jpg\"><img loading=\"lazy\" decoding=\"async\" class=\"alignleft  wp-image-21784\" src=\"https:\/\/radiowebmx.com\/nota\/wp-content\/uploads\/2016\/02\/alegria1.jpg\" alt=\"alegria1\" width=\"569\" height=\"286\" \/><\/a>La experiencia y los conocimientos de las personas de la tercera edad, representan un importante activo social, que debe ser aprovechado al m\u00e1ximo con acciones que estimulen el desarrollo de sus habilidades y les proporcionen nuevos retos para prolongar su apego a la vida, afirm\u00f3 la diputada Adriana Hern\u00e1ndez \u00cd\u00f1iguez, luego de entregar un equipo de sonido al grupo La Alegr\u00eda de Vivir de La Piedad.<\/p>\n<p class=\"x_MsoNormal\">\n<p class=\"x_MsoNormal\">Los hombres y mujeres de ese conjunto, realizan diversas actividades como el club de danz\u00f3n, un grupo musical y activaciones f\u00edsicas. Adriana Hern\u00e1ndez record\u00f3 que de entre sus diversas presentaciones, destaca cuando acudieron a la C\u00e1mara de Diputados cuando ella se desempe\u00f1aba como legisladora federal.<\/p>\n<p class=\"x_MsoNormal\">\n<p class=\"x_MsoNormal\">En otras actividades de la tambi\u00e9n l\u00edder del Grupo Parlamentario del PRI en el Congreso del Estado realizadas este fin de semana, entreg\u00f3 diversos apoyos a j\u00f3venes de nivel universitario que realizan sus estudios en otras ciudades y que, debido a ello, deben realizar gastas para su traslado y estancia.<\/p>\n<p class=\"x_MsoNormal\">\n<p class=\"x_MsoNormal\">Dijo que continuar\u00e1 realizando gestiones para apoyar a m\u00e1s j\u00f3venes en cada entrega, para que est\u00e9n en mejores condiciones de aprovechamiento y al final, el beneficio social para todos los piedadenses ser\u00e1 contar con hombres y mujeres mejor preparados para la vida.<\/p>\n<p class=\"x_MsoNormal\">\n<p class=\"x_MsoNormal\">Por su parte, los beneficiados manifestaron sentirse muy motivados por el reconocimiento a su esfuerzo y el de sus padres \u00a0para realizar sus estudios, por lo que consideraron estas acciones como una gran ayuda y le agradecieron su inter\u00e9s a la diputada.<\/p>\n<p class=\"x_MsoNormal\">\n<p class=\"x_MsoNormal\">M\u00e1s tarde, Hern\u00e1ndez \u00cd\u00f1iguez acudi\u00f3 a la comunidad de Taquiscuareo, para asistir a una comida tradicional por la fiesta patronal, donde fue recibida con entusiasmo y hospitalidad por los habitantes del lugar, encabezados por la familia Pimentel.<\/p>\n<p class=\"x_MsoNormal\">\n<p class=\"x_MsoNormal\">Estuvo acompa\u00f1ada por el presidente municipal de La Piedad, Juan Manuel Estrada Medina, as\u00ed como el edil de Churintzio, Salvador Pulido y la destacada militante del PRI Rosita Molina.<\/p>\n","protected":false},"excerpt":{"rendered":"<p>La experiencia y los conocimientos de las personas de la tercera edad, representan un importante activo social, que debe ser aprovechado al m\u00e1ximo con acciones que estimulen el desarrollo de sus habilidades y les proporcionen nuevos retos para prolongar su apego a la vida, <\/p>\n","protected":false},"author":1,"featured_media":21784,"comment_status":"open","ping_status":"open","sticky":false,"template":"","format":"standard","meta":{"footnotes":""},"categories":[6,14],"tags":[],"class_list":["post-21782","post","type-post","status-publish","format-standard","has-post-thumbnail","hentry","category-congreso-del-estado","category-destacadas"],"_links":{"self":[{"href":"https:\/\/radiowebmx.com\/nota\/wp-json\/wp\/v2\/posts\/21782","targetHints":{"allow":["GET"]}}],"collection":[{"href":"https:\/\/radiowebmx.com\/nota\/wp-json\/wp\/v2\/posts"}],"about":[{"href":"https:\/\/radiowebmx.com\/nota\/wp-json\/wp\/v2\/types\/post"}],"author":[{"embeddable":true,"href":"https:\/\/radiowebmx.com\/nota\/wp-json\/wp\/v2\/users\/1"}],"replies":[{"embeddable":true,"href":"https:\/\/radiowebmx.com\/nota\/wp-json\/wp\/v2\/comments?post=21782"}],"version-history":[{"count":1,"href":"https:\/\/radiowebmx.com\/nota\/wp-json\/wp\/v2\/posts\/21782\/revisions"}],"predecessor-version":[{"id":21785,"href":"https:\/\/radiowebmx.com\/nota\/wp-json\/wp\/v2\/posts\/21782\/revisions\/21785"}],"wp:featuredmedia":[{"embeddable":true,"href":"https:\/\/radiowebmx.com\/nota\/wp-json\/wp\/v2\/media\/21784"}],"wp:attachment":[{"href":"https:\/\/radiowebmx.com\/nota\/wp-json\/wp\/v2\/media?parent=21782"}],"wp:term":[{"taxonomy":"category","embeddable":true,"href":"https:\/\/radiowebmx.com\/nota\/wp-json\/wp\/v2\/categories?post=21782"},{"taxonomy":"post_tag","embeddable":true,"href":"https:\/\/radiowebmx.com\/nota\/wp-json\/wp\/v2\/tags?post=21782"}],"curies":[{"name":"wp","href":"https:\/\/api.w.org\/{rel}","templated":true}]}}