{"id":21778,"date":"2016-02-26T17:50:37","date_gmt":"2016-02-26T23:50:37","guid":{"rendered":"https:\/\/radiowebmx.com\/nota\/?p=21778"},"modified":"2016-02-26T17:50:37","modified_gmt":"2016-02-26T23:50:37","slug":"el-gobierno-de-la-republica-recupera-espacios-verdes-en-la-ciudad-de-mexico","status":"publish","type":"post","link":"https:\/\/radiowebmx.com\/nota\/el-gobierno-de-la-republica-recupera-espacios-verdes-en-la-ciudad-de-mexico\/","title":{"rendered":"El Gobierno de la Rep\u00fablica recupera espacios verdes en la Ciudad de M\u00e9xico"},"content":{"rendered":"<p><a href=\"https:\/\/radiowebmx.com\/nota\/wp-content\/uploads\/2016\/02\/IMG_6956.jpg\"><img loading=\"lazy\" decoding=\"async\" class=\"alignleft size-full wp-image-21779\" src=\"https:\/\/radiowebmx.com\/nota\/wp-content\/uploads\/2016\/02\/IMG_6956.jpg\" alt=\"IMG_6956\" width=\"591\" height=\"289\" srcset=\"https:\/\/radiowebmx.com\/nota\/wp-content\/uploads\/2016\/02\/IMG_6956.jpg 591w, https:\/\/radiowebmx.com\/nota\/wp-content\/uploads\/2016\/02\/IMG_6956-300x147.jpg 300w\" sizes=\"auto, (max-width: 591px) 100vw, 591px\" \/><\/a>Con una inversi\u00f3n total de poco m\u00e1s de 326 millones de pesos, el Gobierno de la Rep\u00fablica, a trav\u00e9s de la SEMARNAT, rehabilit\u00f3 cuatro espacios verdes en la Ciudad de M\u00e9xico como parte de un compromiso cumplido del presidente Enrique Pe\u00f1a Nieto con los habitantes de la capital.<\/p>\n<p>En el acto de entrega de las obras de rescate y rehabilitaci\u00f3n del Parque ecol\u00f3gico, cultural y deportivo Huayamilpas de la delegaci\u00f3n Coyoac\u00e1n, Rafael Pacchiano Alam\u00e1n, Secretario de Medio Ambiente y Recursos Naturales, se\u00f1al\u00f3 que las ciudades con mayor sustentabilidad ambiental son las que tienen mejores posibilidades de ser m\u00e1s competitivas, m\u00e1s productivas y m\u00e1s pr\u00f3speras. A este prop\u00f3sito, anunci\u00f3 que la dependencia realizar\u00e1 tres rehabilitaciones m\u00e1s en parques ecol\u00f3gicos de Colima, Estado de M\u00e9xico y Zacatecas.<\/p>\n<p>El funcionario federal hizo un reconocimiento al trabajo de la Comisi\u00f3n Nacional Forestal, CONAFOR, que estuvo a cargo de las obras de rescate en los siguientes puntos de la capital:<\/p>\n<p>\u2022\u00a0\u00a0\u00a0\u00a0\u00a0\u00a0\u00a0\u00a0 Parque ecol\u00f3gico, cultural y deportivo Huayamilpas<\/p>\n<p>\u2022\u00a0\u00a0\u00a0\u00a0\u00a0\u00a0\u00a0\u00a0 Cuenca del r\u00edo Magdalena<\/p>\n<p>\u2022\u00a0\u00a0\u00a0\u00a0\u00a0\u00a0\u00a0\u00a0 Bosque de San Juan de Arag\u00f3n<\/p>\n<p>\u2022\u00a0\u00a0\u00a0\u00a0\u00a0\u00a0\u00a0\u00a0 Zona de chinampas de Xochimilco<\/p>\n<p>Ante la presencia del jefe de gobierno de la Ciudad de M\u00e9xico, Miguel \u00c1ngel Mancera Espinosa, y del jefe delegacional de Coyoac\u00e1n, Valent\u00edn Maldonado Salgado, el Secretario agradeci\u00f3 a las autoridades capitalinas por las facilidades otorgadas para la realizaci\u00f3n de los trabajos. En ese mismo evento y con el objeto de apoyar las pol\u00edticas p\u00fablicas locales en materia de conservaci\u00f3n de bosques, hizo entrega al Jefe de Gobierno el Inventario Forestal de la Ciudad de M\u00e9xico elaborado por la CONAFOR.<\/p>\n<p>Aprovech\u00f3 la ocasi\u00f3n para felicitar a la Comisi\u00f3n no solo por los inventarios estatales con los que ya cuenta cada una de las entidades del pa\u00eds, sino tambi\u00e9n por la labor de los brigadistas que combaten incendios y quienes arriesgan diariamente la vida para proteger el patrimonio natural de todos los mexicanos.<\/p>\n<p>Por su parte, Miguel \u00c1ngel Mancera, reconoci\u00f3 el apoyo y la intervenci\u00f3n del gobierno del Presidente de la Rep\u00fablica en la recuperaci\u00f3n de estas \u00e1reas verdes y refrend\u00f3 el trabajo coordinado entre los tres \u00f3rdenes del gobierno para beneficio de la gente.<\/p>\n<p>En su intervenci\u00f3n, Jorge Rescala P\u00e9rez, director de la Comisi\u00f3n Nacional Forestal, hizo un recuento de los trabajos realizados en el parque Huayamilpas, destacando, entre ellos, la rehabilitaci\u00f3n del lago, el rescate del jard\u00edn bot\u00e1nico de cact\u00e1ceas, la creaci\u00f3n de un sendero did\u00e1ctico y la puesta en marcha de una planta de tratamiento que opera con energ\u00eda renovable. Enumer\u00f3 asimismo otros servicios como las mejoras al cercado perimetral, cachas deportivas, \u00e1rea de juegos infantiles y reconstrucci\u00f3n de sanitarios. Mencion\u00f3 que las colonias beneficiadas con este parque son Ajusco Huayamilpas, Adolfo Ruiz Cortines y los pueblos de San Pablo Tepetlapa, La Candelaria y Los Reyes.<\/p>\n<p>&nbsp;<\/p>\n","protected":false},"excerpt":{"rendered":"<p>Con una inversi\u00f3n total de poco m\u00e1s de 326 millones de pesos, el Gobierno de la Rep\u00fablica, a trav\u00e9s de la SEMARNAT,<\/p>\n","protected":false},"author":1,"featured_media":21779,"comment_status":"open","ping_status":"open","sticky":false,"template":"","format":"standard","meta":{"footnotes":""},"categories":[14,3],"tags":[],"class_list":["post-21778","post","type-post","status-publish","format-standard","has-post-thumbnail","hentry","category-destacadas","category-gobierno-del-estado-de-michoacan"],"_links":{"self":[{"href":"https:\/\/radiowebmx.com\/nota\/wp-json\/wp\/v2\/posts\/21778","targetHints":{"allow":["GET"]}}],"collection":[{"href":"https:\/\/radiowebmx.com\/nota\/wp-json\/wp\/v2\/posts"}],"about":[{"href":"https:\/\/radiowebmx.com\/nota\/wp-json\/wp\/v2\/types\/post"}],"author":[{"embeddable":true,"href":"https:\/\/radiowebmx.com\/nota\/wp-json\/wp\/v2\/users\/1"}],"replies":[{"embeddable":true,"href":"https:\/\/radiowebmx.com\/nota\/wp-json\/wp\/v2\/comments?post=21778"}],"version-history":[{"count":1,"href":"https:\/\/radiowebmx.com\/nota\/wp-json\/wp\/v2\/posts\/21778\/revisions"}],"predecessor-version":[{"id":21780,"href":"https:\/\/radiowebmx.com\/nota\/wp-json\/wp\/v2\/posts\/21778\/revisions\/21780"}],"wp:featuredmedia":[{"embeddable":true,"href":"https:\/\/radiowebmx.com\/nota\/wp-json\/wp\/v2\/media\/21779"}],"wp:attachment":[{"href":"https:\/\/radiowebmx.com\/nota\/wp-json\/wp\/v2\/media?parent=21778"}],"wp:term":[{"taxonomy":"category","embeddable":true,"href":"https:\/\/radiowebmx.com\/nota\/wp-json\/wp\/v2\/categories?post=21778"},{"taxonomy":"post_tag","embeddable":true,"href":"https:\/\/radiowebmx.com\/nota\/wp-json\/wp\/v2\/tags?post=21778"}],"curies":[{"name":"wp","href":"https:\/\/api.w.org\/{rel}","templated":true}]}}