{"id":21753,"date":"2016-02-26T13:16:57","date_gmt":"2016-02-26T19:16:57","guid":{"rendered":"https:\/\/radiowebmx.com\/nota\/?p=21753"},"modified":"2016-02-26T13:16:57","modified_gmt":"2016-02-26T19:16:57","slug":"instala-silvano-aureoles-mesa-de-seguridad-ambiental-en-el-oriente-michoacano","status":"publish","type":"post","link":"https:\/\/radiowebmx.com\/nota\/instala-silvano-aureoles-mesa-de-seguridad-ambiental-en-el-oriente-michoacano\/","title":{"rendered":"Instala Silvano Aureoles Mesa de Seguridad Ambiental en el Oriente michoacano"},"content":{"rendered":"<p><a href=\"https:\/\/radiowebmx.com\/nota\/wp-content\/uploads\/2016\/02\/e193d212-0b5a-4c06-84ba-b16fdec6774e.jpg\"><img loading=\"lazy\" decoding=\"async\" class=\"alignleft size-full wp-image-21754\" src=\"https:\/\/radiowebmx.com\/nota\/wp-content\/uploads\/2016\/02\/e193d212-0b5a-4c06-84ba-b16fdec6774e.jpg\" alt=\"e193d212-0b5a-4c06-84ba-b16fdec6774e\" width=\"591\" height=\"318\" srcset=\"https:\/\/radiowebmx.com\/nota\/wp-content\/uploads\/2016\/02\/e193d212-0b5a-4c06-84ba-b16fdec6774e.jpg 591w, https:\/\/radiowebmx.com\/nota\/wp-content\/uploads\/2016\/02\/e193d212-0b5a-4c06-84ba-b16fdec6774e-300x161.jpg 300w\" sizes=\"auto, (max-width: 591px) 100vw, 591px\" \/><\/a>Al instalar la Mesa de Seguridad Ambiental en el Oriente michoacano, el Gobernador del Estado, Silvano Aureoles Conejo, indic\u00f3 que \u201cno podemos perder m\u00e1s tiempo sin tomar medidas puntuales,\u00a0contundentes y estrictas para que iniciemos una nueva etapa en el manejo y conservaci\u00f3n de nuestros recursos naturales\u201d.<\/p>\n<p>Acompa\u00f1ado de los integrantes del Grupo de Coordinaci\u00f3n para la Seguridad de Michoac\u00e1n, as\u00ed como de las autoridades del sector ambiental y de alcaldes de esta regi\u00f3n, el mandatario indic\u00f3 que el plan estrat\u00e9gico\u00a0 establece una serie de acciones que se pondr\u00e1n en marcha en lo inmediato para abatir entre otras problem\u00e1ticas, la tala clandestina y el cambio de uso de suelo.<\/p>\n<p>Silvano Aureoles record\u00f3 que fue hace unas semanas, en el marco de la apertura oficial de los Santuarios de la Mariposa Monarca cuando hizo el compromiso de instalar la Mesa, que hoy se concreta,\u00a0 con el objetivo de preservar los recursos naturales de la regi\u00f3n y especialmente la zona que alberga uno de los fen\u00f3menos m\u00e1s maravillosos como es la llegada de la Monarca a suelo michoacano.<\/p>\n<p>En este sentido, enfatiz\u00f3 que la entidad es una de las m\u00e1s diversas del pa\u00eds, con una cifra cercana a las 10 mil especies, sin embargo, no se han podido detener problem\u00e1ticas como la tala clandestina, el cambio de uso de suelo, la cacer\u00eda ilegal, los incendios forestales, por lo que asegur\u00f3 que es necesario establecer medidas contundentes para revertir este escenario.<\/p>\n<p>\u201cPorque si perdemos la riqueza natural, dif\u00edcilmente vamos a poder encontrar las herramientas, los instrumentos para generar bienestar y riqueza para nuestras familias, para las presentes y futuras generaciones\u201d.<\/p>\n<p>Raz\u00f3n por la cual, precis\u00f3 que hoy se instala la Mesa de Seguridad Ambiental, que contar\u00e1 con la participaci\u00f3n de dependencias de los tres niveles de gobierno tanto del rubro de seguridad como en materia ambiental, de los alcaldes de la zona y con las autoridades comunales y ejidales, que tendr\u00e1n el acompa\u00f1amiento del Grupo de Coordinaci\u00f3n para la Seguridad, quienes en conjunto establecer\u00e1n una estrategia articulada para mantener en las mejores condiciones el patrimonio natural.<\/p>\n<p>Al respecto, Aureoles Conejo apunt\u00f3 que, con esta medida queda formalmente instalado el grupo de trabajo interinstitucional para atender todos los asuntos de car\u00e1cter ambiental, que generar\u00e1 alternativas y propuestas, dicho equipo estar\u00e1 acompa\u00f1ado por las instancias de seguridad.<\/p>\n<p>Entre las acciones a desarrollar, enumer\u00f3 que se emitir\u00e1 el Decreto para establecer el impuesto ambiental, y junto con ello la regularizaci\u00f3n del cambio de uso de suelo, con reglas claras y estrictas; se fortalecer\u00e1 la Fiscal\u00eda Especializada para la Atenci\u00f3n de Delitos Ambientales y se crear\u00e1 la divisi\u00f3n de la Polic\u00eda Ambiental, para tener un cuerpo especializado y preparado que atienda de manera integral la problem\u00e1tica en este sector.<\/p>\n<p>Adem\u00e1s, se iniciar\u00e1 un programa integral de informaci\u00f3n y capacitaci\u00f3n para la poblaci\u00f3n de zonas forestales y \u00e1reas protegidas respecto de las nuevas medidas que se pondr\u00e1n en marcha, tambi\u00e9n l\u00edneas de trabajo para revisar el fen\u00f3meno en la regi\u00f3n del uso de la le\u00f1a.<\/p>\n<p>Aunado a ello, el Gobernador sostuvo que\u00a0 se implementar\u00e1n acciones de car\u00e1cter social, como proyectos productivos, en materia de educaci\u00f3n, salud y vialidades, pronto asegur\u00f3, se empezar\u00e1n a ver resultados en la regi\u00f3n y en el estado en general.<\/p>\n<p>El mandatario afirm\u00f3 que se ha ido modificando la imagen de Michoac\u00e1n como un estado violento e inseguro, hoy coment\u00f3 que,\u00a0 la ciudadan\u00eda tiene otra percepci\u00f3n y se est\u00e1 tomando un nuevo rumbo en la entidad.<\/p>\n<p>Finalmente,\u00a0Silvano Aureoles reconoci\u00f3 la apertura y la disposici\u00f3n de las y los integrantes de la Mesa, a quien reiter\u00f3 su firme convicci\u00f3n de que la entidad d\u00e9 los pasos necesarios para lograr su transformaci\u00f3n y lograr\u00a0 mayores condiciones de bienestar para las familias.<\/p>\n<p>En su turno, Pedro Felipe Gurrola Ram\u00edrez, mando Especial para la Seguridad de Michoac\u00e1n, destac\u00f3 el inter\u00e9s del Gobernador por abordar de manera frontal y total, el tema ambiental en todas sus facetas, desde la tala clandestina, el cambio de uso de suelo, el agotamiento del agua, entre otros; en este sentido resalt\u00f3 la importancia de la instalaci\u00f3n de la Mesa, en donde coment\u00f3 que cada una de las instancias asumir\u00e1n las tareas que les corresponden de manera coordinada y ordenada.<\/p>\n<p>Afirm\u00f3 que el Grupo de Coordinaci\u00f3n para la Seguridad dar\u00e1 acompa\u00f1amiento y apoyo para fortalecer los trabajos que se desarrollen en dicha instancia, sumando esfuerzos para generar resultados en el corto plazo, \u201cveo con mucho optimismo esta iniciativa\u201d.<\/p>\n<p>Por su parte, el secretario de Gobierno, Adri\u00e1n L\u00f3pez Sol\u00eds, indic\u00f3 que el abuso en el uso de los recursos naturales es tambi\u00e9n la cancelaci\u00f3n del disfrute para las generaciones futuras, por lo que subray\u00f3 la creaci\u00f3n de la Mesa, instruida por el mandatario, Silvano Aureoles, para buscar mecanismos de trabajo sobre la base de la coordinaci\u00f3n que permita ser eficaces y obtener m\u00e1s resultados en la protecci\u00f3n del medio ambiente.<\/p>\n<p>Estar\u00e1n participando en esta Mesa, representantes del Ej\u00e9rcito Mexicano, de las Secretar\u00edas de Gobierno, de Seguridad P\u00fablica (SSP), de Medio Ambiente, Recursos Naturales y Cambio Clim\u00e1tico, as\u00ed como la Procuradur\u00eda General de Justicia del Estado (PGJE), de la Polic\u00eda Federal (PF), de la delegaci\u00f3n de la Procuradur\u00eda General de la Rep\u00fablica (PGR) en la entidad, de la delegaci\u00f3n del CISEN en Michoac\u00e1n.<\/p>\n","protected":false},"excerpt":{"rendered":"<p>Al instalar la Mesa de Seguridad Ambiental en el Oriente michoacano, el Gobernador del Estado, Silvano Aureoles Conejo,<\/p>\n","protected":false},"author":1,"featured_media":21754,"comment_status":"open","ping_status":"open","sticky":false,"template":"","format":"standard","meta":{"footnotes":""},"categories":[14,3],"tags":[],"class_list":["post-21753","post","type-post","status-publish","format-standard","has-post-thumbnail","hentry","category-destacadas","category-gobierno-del-estado-de-michoacan"],"_links":{"self":[{"href":"https:\/\/radiowebmx.com\/nota\/wp-json\/wp\/v2\/posts\/21753","targetHints":{"allow":["GET"]}}],"collection":[{"href":"https:\/\/radiowebmx.com\/nota\/wp-json\/wp\/v2\/posts"}],"about":[{"href":"https:\/\/radiowebmx.com\/nota\/wp-json\/wp\/v2\/types\/post"}],"author":[{"embeddable":true,"href":"https:\/\/radiowebmx.com\/nota\/wp-json\/wp\/v2\/users\/1"}],"replies":[{"embeddable":true,"href":"https:\/\/radiowebmx.com\/nota\/wp-json\/wp\/v2\/comments?post=21753"}],"version-history":[{"count":1,"href":"https:\/\/radiowebmx.com\/nota\/wp-json\/wp\/v2\/posts\/21753\/revisions"}],"predecessor-version":[{"id":21755,"href":"https:\/\/radiowebmx.com\/nota\/wp-json\/wp\/v2\/posts\/21753\/revisions\/21755"}],"wp:featuredmedia":[{"embeddable":true,"href":"https:\/\/radiowebmx.com\/nota\/wp-json\/wp\/v2\/media\/21754"}],"wp:attachment":[{"href":"https:\/\/radiowebmx.com\/nota\/wp-json\/wp\/v2\/media?parent=21753"}],"wp:term":[{"taxonomy":"category","embeddable":true,"href":"https:\/\/radiowebmx.com\/nota\/wp-json\/wp\/v2\/categories?post=21753"},{"taxonomy":"post_tag","embeddable":true,"href":"https:\/\/radiowebmx.com\/nota\/wp-json\/wp\/v2\/tags?post=21753"}],"curies":[{"name":"wp","href":"https:\/\/api.w.org\/{rel}","templated":true}]}}