{"id":21743,"date":"2016-02-25T15:11:52","date_gmt":"2016-02-25T21:11:52","guid":{"rendered":"https:\/\/radiowebmx.com\/nota\/?p=21743"},"modified":"2016-02-25T15:11:52","modified_gmt":"2016-02-25T21:11:52","slug":"abandera-silvano-aureoles-a-60-escuelas-del-programa-sembrando-banderas","status":"publish","type":"post","link":"https:\/\/radiowebmx.com\/nota\/abandera-silvano-aureoles-a-60-escuelas-del-programa-sembrando-banderas\/","title":{"rendered":"ABANDERA SILVANO AUREOLES A 60 ESCUELAS DEL PROGRAMA \u201cSEMBRANDO BANDERAS\u201d"},"content":{"rendered":"<p><a href=\"https:\/\/radiowebmx.com\/nota\/wp-content\/uploads\/2016\/02\/bcc5bcf8-3238-4354-b595-df3ca7fca1ab.jpg\"><img loading=\"lazy\" decoding=\"async\" class=\"alignleft  wp-image-21744\" src=\"https:\/\/radiowebmx.com\/nota\/wp-content\/uploads\/2016\/02\/bcc5bcf8-3238-4354-b595-df3ca7fca1ab.jpg\" alt=\"bcc5bcf8-3238-4354-b595-df3ca7fca1ab\" width=\"590\" height=\"314\" \/><\/a>Con el prop\u00f3sito de crear conciencia sobre el valor que representa portar con dignidad, resguardar con celo y cuidar patri\u00f3ticamente la Ense\u00f1a Nacional, el Gobernador de Michoac\u00e1n, Silvano Aureoles Conejo abander\u00f3 a escoltas de 60 escuelas de educaci\u00f3n b\u00e1sica que forman parte del programa \u201cSembrando Banderas\u201d.<\/p>\n<p>&nbsp;<\/p>\n<p>En las instalaciones del Estadio Venustiano Carranza, la oradora oficial, Silvia Figueroa Zamudio, secretaria de Educaci\u00f3n estatal, explic\u00f3 que el abanderamiento masivo de las 60 escuelas es la segunda actividad realizada en los \u00faltimos tres meses, pues el anterior acto tuvo lugar el pasado 20 de noviembre.<\/p>\n<p>&nbsp;<\/p>\n<p>En este sentido, inform\u00f3 que a la fecha suman 120 Escuelas Primarias y Secundarias a las que se les ha encomendado la guarda y defensa del S\u00edmbolo Patrio.<\/p>\n<p>&nbsp;<\/p>\n<p>Detall\u00f3 que en dicho programa se difunden los s\u00edmbolos nacionales, donde las ni\u00f1as y los ni\u00f1os de las escuelas, participan y conocen significados, contenidos y las responsabilidades, esquema que es realizado por la Secretar\u00eda de Educaci\u00f3n en el Estado y por el Ej\u00e9rcito Mexicano.<\/p>\n<p>&nbsp;<\/p>\n<p>\u201cEsta es una oportunidad inigualable para difundir, promover y dar a conocer, el significado de uno de los m\u00e1s sentidos emblemas nacionales: La Bandera Mexicana. El L\u00e1baro Patrio, al igual que el Himno, nuestro Escudo Patrio, el conocimiento de nuestros h\u00e9roes, entre otros, constituyen los s\u00edmbolos nacionales que nadie puede dejar de conocer y, desde luego, sentirse parte de ellos y guardar la misma pasi\u00f3n por su veneraci\u00f3n\u201d.<\/p>\n<p>&nbsp;<\/p>\n<p>Silvia Figueroa destac\u00f3 que la fecha del 24 de febrero, D\u00eda de la Bandera, es celebrada en toda la Rep\u00fablica Mexicana y es uno de los m\u00e1s significativos de la identidad nacional.<\/p>\n<p>&nbsp;<\/p>\n<p>\u201cNuestra insignia representa la unidad nacional y la libertad que como sociedad tenemos. Lo es desde que adoptamos el emblema con los colores verde, blanco, y rojo; un escudo al centro que contiene elementos representativos de los or\u00edgenes de lo mexicano: el nopal, y un \u00e1guila postrada en \u00e9l, devorando una serpiente\u201d.<\/p>\n<p>&nbsp;<\/p>\n<p>Durante el acto, el Gobernador Aureoles Conejo tom\u00f3 protesta a alumnos de las escoltas de 30 escuelas de educaci\u00f3n Primaria y 30 de Secundaria, de los municipios de Hidalgo, Tuxpan, Zit\u00e1cuaro, Indaparapeo, Charo, Tar\u00edmbaro, as\u00ed como de tenencias y colonias de Morelia.<\/p>\n<p>&nbsp;<\/p>\n<p>De igual manera, entreg\u00f3 de manera simb\u00f3lica tabletas electr\u00f3nicas a estudiantes de las instituciones educativas que participaron en el acto.<\/p>\n<p>&nbsp;<\/p>\n<p>Al evento asistieron el comandante de la 21 Zona Militar, general Jos\u00e9 Francisco Morales C\u00e1zares; la titular de la Comisi\u00f3n Estatal de Cultura F\u00edsica y Deporte (Cecufid), Edna Gisel D\u00edaz Acevedo; el presidente municipal de Morelia, Alfonso Mart\u00ednez Alc\u00e1zar; el alcalde de Hidalgo, Rub\u00e9n Padilla Soto; el vicepresidente del Congreso del Estado, diputado Ra\u00fal Prieto G\u00f3mez, as\u00ed como diversas autoridades estatales y municipales.<\/p>\n<p>&nbsp;<\/p>\n","protected":false},"excerpt":{"rendered":"<p>Con el prop\u00f3sito de crear conciencia sobre el valor que representa portar con dignidad, resguardar con celo y cuidar patri\u00f3ticamente la Ense\u00f1a Nacional, el Gobernador de Michoac\u00e1n, Silvano Aureoles Conejo abander\u00f3 a escoltas de 60 escuelas de educaci\u00f3n b\u00e1sica que forman parte del programa \u201cSembrando Banderas\u201d. &nbsp; En las instalaciones del Estadio Venustiano Carranza, la [&hellip;]<\/p>\n","protected":false},"author":1,"featured_media":21744,"comment_status":"open","ping_status":"open","sticky":false,"template":"","format":"standard","meta":{"footnotes":""},"categories":[14,3],"tags":[],"class_list":["post-21743","post","type-post","status-publish","format-standard","has-post-thumbnail","hentry","category-destacadas","category-gobierno-del-estado-de-michoacan"],"_links":{"self":[{"href":"https:\/\/radiowebmx.com\/nota\/wp-json\/wp\/v2\/posts\/21743","targetHints":{"allow":["GET"]}}],"collection":[{"href":"https:\/\/radiowebmx.com\/nota\/wp-json\/wp\/v2\/posts"}],"about":[{"href":"https:\/\/radiowebmx.com\/nota\/wp-json\/wp\/v2\/types\/post"}],"author":[{"embeddable":true,"href":"https:\/\/radiowebmx.com\/nota\/wp-json\/wp\/v2\/users\/1"}],"replies":[{"embeddable":true,"href":"https:\/\/radiowebmx.com\/nota\/wp-json\/wp\/v2\/comments?post=21743"}],"version-history":[{"count":1,"href":"https:\/\/radiowebmx.com\/nota\/wp-json\/wp\/v2\/posts\/21743\/revisions"}],"predecessor-version":[{"id":21745,"href":"https:\/\/radiowebmx.com\/nota\/wp-json\/wp\/v2\/posts\/21743\/revisions\/21745"}],"wp:featuredmedia":[{"embeddable":true,"href":"https:\/\/radiowebmx.com\/nota\/wp-json\/wp\/v2\/media\/21744"}],"wp:attachment":[{"href":"https:\/\/radiowebmx.com\/nota\/wp-json\/wp\/v2\/media?parent=21743"}],"wp:term":[{"taxonomy":"category","embeddable":true,"href":"https:\/\/radiowebmx.com\/nota\/wp-json\/wp\/v2\/categories?post=21743"},{"taxonomy":"post_tag","embeddable":true,"href":"https:\/\/radiowebmx.com\/nota\/wp-json\/wp\/v2\/tags?post=21743"}],"curies":[{"name":"wp","href":"https:\/\/api.w.org\/{rel}","templated":true}]}}