{"id":21734,"date":"2016-02-25T13:36:08","date_gmt":"2016-02-25T19:36:08","guid":{"rendered":"https:\/\/radiowebmx.com\/nota\/?p=21734"},"modified":"2016-02-25T13:36:08","modified_gmt":"2016-02-25T19:36:08","slug":"michoacan-presente-en-el-primer-foro-nacional-anticorrupcion","status":"publish","type":"post","link":"https:\/\/radiowebmx.com\/nota\/michoacan-presente-en-el-primer-foro-nacional-anticorrupcion\/","title":{"rendered":"Michoac\u00e1n, presente en el primer Foro Nacional Anticorrupci\u00f3n"},"content":{"rendered":"<p><a href=\"https:\/\/radiowebmx.com\/nota\/wp-content\/uploads\/2016\/02\/15f0990f-7da6-49f1-968c-a4c6f821dd59.jpg\"><img loading=\"lazy\" decoding=\"async\" class=\"alignleft size-full wp-image-21735\" src=\"https:\/\/radiowebmx.com\/nota\/wp-content\/uploads\/2016\/02\/15f0990f-7da6-49f1-968c-a4c6f821dd59.jpg\" alt=\"15f0990f-7da6-49f1-968c-a4c6f821dd59\" width=\"591\" height=\"329\" srcset=\"https:\/\/radiowebmx.com\/nota\/wp-content\/uploads\/2016\/02\/15f0990f-7da6-49f1-968c-a4c6f821dd59.jpg 591w, https:\/\/radiowebmx.com\/nota\/wp-content\/uploads\/2016\/02\/15f0990f-7da6-49f1-968c-a4c6f821dd59-300x167.jpg 300w, https:\/\/radiowebmx.com\/nota\/wp-content\/uploads\/2016\/02\/15f0990f-7da6-49f1-968c-a4c6f821dd59-284x158.jpg 284w, https:\/\/radiowebmx.com\/nota\/wp-content\/uploads\/2016\/02\/15f0990f-7da6-49f1-968c-a4c6f821dd59-128x72.jpg 128w\" sizes=\"auto, (max-width: 591px) 100vw, 591px\" \/><\/a>Es necesario incorporar el Sistema Anticorrupci\u00f3n y su sistema de fiscalizaci\u00f3n a los municipios, afirm\u00f3 la titular de la Secretar\u00eda de Contralor\u00eda de Michoac\u00e1n (Secoem), Silvia Estrada Esquivel, durante su participaci\u00f3n en el primer Foro Nacional Anticorrupci\u00f3n, convocado por la Comisi\u00f3n Anticorrupci\u00f3n y Participaci\u00f3n Ciudadana, de Justicia y de Estudios Legislativos del Senado de la Rep\u00fablica.<\/p>\n<p>Contralores de los 32 estados de la Rep\u00fablica comparten sus reflexiones, aportaciones y comentarios respecto a su visi\u00f3n en la conformaci\u00f3n de las leyes secundarias y protocolos de actuaci\u00f3n que den certeza al ciudadano en materia anticorrupci\u00f3n.<\/p>\n<p>\u201cLas aportaciones de los contralores toman una vital importancia, ya que contribuir\u00e1n a fortalecer los documentos que integran los sistemas de transparencia y de fiscalizaci\u00f3n; adem\u00e1s, con estos foros se le dar\u00e1 seguimiento al proceso de dictaminaci\u00f3n de las leyes reglamentarias en materia de combate a la corrupci\u00f3n\u201d, dijo el senador Pablo Escudero Morales, presidente de la Comisi\u00f3n Anticorrupci\u00f3n y Participaci\u00f3n Ciudadana.<\/p>\n<p>Durante el foro se hizo \u00e9nfasis en la necesidad de combatir \u201cel c\u00e1ncer de la corrupci\u00f3n\u201d para que haya crecimiento y desarrollo en el pa\u00eds; fortalecer a los \u00f3rganos estatales de control con recursos para capacitaci\u00f3n y formaci\u00f3n; la necesidad de un sistema de prevenci\u00f3n contra actos de corrupci\u00f3n y violaci\u00f3n a la legalidad; la falta de protocolos, y el presupuesto para el dise\u00f1o institucional en materia anticorrupci\u00f3n.<\/p>\n<p>La funcionaria michoacana sostuvo que los procedimientos para el combate a la corrupci\u00f3n deben contemplar el respeto irrestricto de las garant\u00edas individuales; adem\u00e1s, asever\u00f3 que los problemas econ\u00f3micos no deben representar un obst\u00e1culo para el Sistema Estatal de Anticorrupci\u00f3n.<\/p>\n<p>En ese sentido, indic\u00f3 que las entidades de la Rep\u00fablica, a trav\u00e9s de sus sistemas locales anticorrupci\u00f3n, se coordinar\u00e1n para trabajar en la prevenci\u00f3n, detecci\u00f3n y sanci\u00f3n de las responsabilidades administrativas, y deber\u00e1n contemplar mecanismos claros de actuaci\u00f3n para cada caso concreto, o bien adherirse a un protocolo de actuaci\u00f3n general a nivel nacional.<\/p>\n<p>Silvia Estrada Esquivel remarc\u00f3 que \u201cse requiere la coordinaci\u00f3n de la federaci\u00f3n con todas los estados, no subordinaci\u00f3n, de ah\u00ed la necesidad de la autonom\u00eda del Sistema Estatal Anticorrupci\u00f3n para que funcione en el camino de la legalidad\u201d.<\/p>\n<p>Una de las propuestas que se hizo ante la Comisi\u00f3n Anticorrupci\u00f3n es concertar\u00a0 una reuni\u00f3n con la Comisi\u00f3n Permanente de Contralores Estados Federaci\u00f3n para realizar una propuesta integral por parte de las 32 entidades federativas.<\/p>\n<p>Durante los trabajos en la C\u00e1mara Alta del Congreso de la Uni\u00f3n se abordaron diferentes temas, como la gu\u00eda de manejo de conflicto de intereses en el sector p\u00fablico y la transformaci\u00f3n del servicio p\u00fablico.<\/p>\n<p>En el foro tambi\u00e9n estuvieron presentes los contralores de los estados de Hidalgo, Jalisco, M\u00e9xico, Morelos, Nayarit, Nuevo Le\u00f3n, Oaxaca, as\u00ed como representantes de la SHCP, PGR, CIDE, M\u00e9xico Eval\u00faa, Fundar y Undoc.<\/p>\n","protected":false},"excerpt":{"rendered":"<p>Es necesario incorporar el Sistema Anticorrupci\u00f3n y su sistema de fiscalizaci\u00f3n a los municipios, afirm\u00f3 la titular de la Secoem, Silvia Estrada Esquivel, durante su participaci\u00f3n en el primer Foro Nacional Anticorrupci\u00f3n,<\/p>\n","protected":false},"author":1,"featured_media":0,"comment_status":"open","ping_status":"open","sticky":false,"template":"","format":"standard","meta":{"footnotes":""},"categories":[14,3],"tags":[],"class_list":["post-21734","post","type-post","status-publish","format-standard","hentry","category-destacadas","category-gobierno-del-estado-de-michoacan"],"_links":{"self":[{"href":"https:\/\/radiowebmx.com\/nota\/wp-json\/wp\/v2\/posts\/21734","targetHints":{"allow":["GET"]}}],"collection":[{"href":"https:\/\/radiowebmx.com\/nota\/wp-json\/wp\/v2\/posts"}],"about":[{"href":"https:\/\/radiowebmx.com\/nota\/wp-json\/wp\/v2\/types\/post"}],"author":[{"embeddable":true,"href":"https:\/\/radiowebmx.com\/nota\/wp-json\/wp\/v2\/users\/1"}],"replies":[{"embeddable":true,"href":"https:\/\/radiowebmx.com\/nota\/wp-json\/wp\/v2\/comments?post=21734"}],"version-history":[{"count":1,"href":"https:\/\/radiowebmx.com\/nota\/wp-json\/wp\/v2\/posts\/21734\/revisions"}],"predecessor-version":[{"id":21736,"href":"https:\/\/radiowebmx.com\/nota\/wp-json\/wp\/v2\/posts\/21734\/revisions\/21736"}],"wp:attachment":[{"href":"https:\/\/radiowebmx.com\/nota\/wp-json\/wp\/v2\/media?parent=21734"}],"wp:term":[{"taxonomy":"category","embeddable":true,"href":"https:\/\/radiowebmx.com\/nota\/wp-json\/wp\/v2\/categories?post=21734"},{"taxonomy":"post_tag","embeddable":true,"href":"https:\/\/radiowebmx.com\/nota\/wp-json\/wp\/v2\/tags?post=21734"}],"curies":[{"name":"wp","href":"https:\/\/api.w.org\/{rel}","templated":true}]}}