{"id":21728,"date":"2016-02-25T12:25:17","date_gmt":"2016-02-25T18:25:17","guid":{"rendered":"https:\/\/radiowebmx.com\/nota\/?p=21728"},"modified":"2016-02-25T12:25:17","modified_gmt":"2016-02-25T18:25:17","slug":"integra-ayuntamiento-de-morelia-comision-electoral-municipal","status":"publish","type":"post","link":"https:\/\/radiowebmx.com\/nota\/integra-ayuntamiento-de-morelia-comision-electoral-municipal\/","title":{"rendered":"Integra Ayuntamiento de Morelia Comisi\u00f3n Electoral Municipal"},"content":{"rendered":"<p><a href=\"https:\/\/radiowebmx.com\/nota\/wp-content\/uploads\/2016\/02\/1571a051-e018-44c5-93a4-2bd55d29bfce.jpg\"><img loading=\"lazy\" decoding=\"async\" class=\"alignleft size-full wp-image-21729\" src=\"https:\/\/radiowebmx.com\/nota\/wp-content\/uploads\/2016\/02\/1571a051-e018-44c5-93a4-2bd55d29bfce.jpg\" alt=\"1571a051-e018-44c5-93a4-2bd55d29bfce\" width=\"591\" height=\"257\" srcset=\"https:\/\/radiowebmx.com\/nota\/wp-content\/uploads\/2016\/02\/1571a051-e018-44c5-93a4-2bd55d29bfce.jpg 591w, https:\/\/radiowebmx.com\/nota\/wp-content\/uploads\/2016\/02\/1571a051-e018-44c5-93a4-2bd55d29bfce-300x130.jpg 300w\" sizes=\"auto, (max-width: 591px) 100vw, 591px\" \/><\/a>Con el objetivo de mantener una atenci\u00f3n directa, regida bajo criterios de legalidad y transparencia ante las futuras elecciones de jefes de tenencia y encargados del orden en el municipio de Morelia, el Ayuntamiento de Morelia conform\u00f3 de manera oficial la Comisi\u00f3n Electoral Municipal integrada por el secretario del Ayuntamiento Jes\u00fas \u00c1valos Plata, as\u00ed como los regidores Alma Rosa Bahena Villalobos, Salvador Arvizu Cisneros, Claudia Leticia L\u00e1zaro Medina, Benjam\u00edn Farf\u00e1n Reyes y Osvaldo Ruiz Ram\u00edrez.<\/p>\n<p>En este marco, se aprob\u00f3 la integraci\u00f3n de un Comit\u00e9 T\u00e9cnico de la Comisi\u00f3n Electoral de Morelia, cuya participaci\u00f3n radica en ser un cuerpo operativo que cumplir\u00e1 las instrucciones de la comisi\u00f3n, adem\u00e1s de encargarse de las cuestiones operativas de log\u00edstica y organizaci\u00f3n de las elecciones.<\/p>\n<p>Este Comit\u00e9 T\u00e9cnico estar\u00e1 integrado por el S\u00edndico, Fabio Sistos Rangel, Jos\u00e9 Antonio Plaza Urbina, secretario de Efectividad e Innovaci\u00f3n Gubernamental, el Jefe del Departamento de Autoridades Auxiliares, Enrique Bugarini S\u00e1nchez, Jos\u00e9 Ruiz Magall\u00f3n, director de Enlace y Gesti\u00f3n, el director de Gobierno municipal, Iv\u00e1n Barrales Alc\u00e1ntara, German Mart\u00ednez Ramos director de Cabildo y Mar\u00eda Eugenia Romero Olvera, quien es miembro del Consejo Ciudadano de Morelia.<\/p>\n<p>En su intervenci\u00f3n, Jes\u00fas \u00c1valos Plata destac\u00f3 que la funci\u00f3n de los jefes de tenencia y encargados del orden resulta una ayuda fundamental para el ayuntamiento en la b\u00fasqueda de lograr una paz social, orden y seguridad para todos sus habitantes.<\/p>\n<p>Afirm\u00f3 que el Gobierno que encabeza el Alcalde, Alfonso Mart\u00ednez Alc\u00e1zar, tiene total inter\u00e9s en mantener una estrecha colaboraci\u00f3n con las autoridades auxiliares, para atender las necesidades espec\u00edficas de las tenencias de Morelia. En el municipio de Morelia hay m\u00e1s de 250 colonias en proceso o cercanas al proceso de renovaci\u00f3n de encargados del orden.<\/p>\n<p>Por su parte Santa Mar\u00eda y Morelos, recuperadas en su car\u00e1cter de tenencia recientemente con el impulso del presidente municipal Alfonso Mart\u00ednez Alc\u00e1zar, as\u00ed como Capula y At\u00e9cuaro, requieren renovar a la brevedad a sus jefes de tenencia.<\/p>\n","protected":false},"excerpt":{"rendered":"<p>Con el objetivo de mantener una atenci\u00f3n directa, regida bajo criterios de legalidad y transparencia ante las futuras elecciones de jefes de tenencia y encargados del orden en el municipio de Morelia,<\/p>\n","protected":false},"author":1,"featured_media":21729,"comment_status":"open","ping_status":"open","sticky":false,"template":"","format":"standard","meta":{"footnotes":""},"categories":[14,9],"tags":[],"class_list":["post-21728","post","type-post","status-publish","format-standard","has-post-thumbnail","hentry","category-destacadas","category-morelia"],"_links":{"self":[{"href":"https:\/\/radiowebmx.com\/nota\/wp-json\/wp\/v2\/posts\/21728","targetHints":{"allow":["GET"]}}],"collection":[{"href":"https:\/\/radiowebmx.com\/nota\/wp-json\/wp\/v2\/posts"}],"about":[{"href":"https:\/\/radiowebmx.com\/nota\/wp-json\/wp\/v2\/types\/post"}],"author":[{"embeddable":true,"href":"https:\/\/radiowebmx.com\/nota\/wp-json\/wp\/v2\/users\/1"}],"replies":[{"embeddable":true,"href":"https:\/\/radiowebmx.com\/nota\/wp-json\/wp\/v2\/comments?post=21728"}],"version-history":[{"count":1,"href":"https:\/\/radiowebmx.com\/nota\/wp-json\/wp\/v2\/posts\/21728\/revisions"}],"predecessor-version":[{"id":21730,"href":"https:\/\/radiowebmx.com\/nota\/wp-json\/wp\/v2\/posts\/21728\/revisions\/21730"}],"wp:featuredmedia":[{"embeddable":true,"href":"https:\/\/radiowebmx.com\/nota\/wp-json\/wp\/v2\/media\/21729"}],"wp:attachment":[{"href":"https:\/\/radiowebmx.com\/nota\/wp-json\/wp\/v2\/media?parent=21728"}],"wp:term":[{"taxonomy":"category","embeddable":true,"href":"https:\/\/radiowebmx.com\/nota\/wp-json\/wp\/v2\/categories?post=21728"},{"taxonomy":"post_tag","embeddable":true,"href":"https:\/\/radiowebmx.com\/nota\/wp-json\/wp\/v2\/tags?post=21728"}],"curies":[{"name":"wp","href":"https:\/\/api.w.org\/{rel}","templated":true}]}}