{"id":21725,"date":"2016-02-25T12:21:57","date_gmt":"2016-02-25T18:21:57","guid":{"rendered":"https:\/\/radiowebmx.com\/nota\/?p=21725"},"modified":"2016-02-25T12:21:57","modified_gmt":"2016-02-25T18:21:57","slug":"sicdet-acerca-la-ciencia-a-los-municipios-michoacanos","status":"publish","type":"post","link":"https:\/\/radiowebmx.com\/nota\/sicdet-acerca-la-ciencia-a-los-municipios-michoacanos\/","title":{"rendered":"SICDET acerca la ciencia  a los municipios michoacanos"},"content":{"rendered":"<p><a href=\"https:\/\/radiowebmx.com\/nota\/wp-content\/uploads\/2016\/02\/b3bda7c2-4a0a-4e51-a47c-70c95976b0e3.jpg\"><img loading=\"lazy\" decoding=\"async\" class=\"alignleft size-full wp-image-21726\" src=\"https:\/\/radiowebmx.com\/nota\/wp-content\/uploads\/2016\/02\/b3bda7c2-4a0a-4e51-a47c-70c95976b0e3.jpg\" alt=\"b3bda7c2-4a0a-4e51-a47c-70c95976b0e3\" width=\"591\" height=\"353\" srcset=\"https:\/\/radiowebmx.com\/nota\/wp-content\/uploads\/2016\/02\/b3bda7c2-4a0a-4e51-a47c-70c95976b0e3.jpg 591w, https:\/\/radiowebmx.com\/nota\/wp-content\/uploads\/2016\/02\/b3bda7c2-4a0a-4e51-a47c-70c95976b0e3-300x179.jpg 300w\" sizes=\"auto, (max-width: 591px) 100vw, 591px\" \/><\/a>En cumplimiento a las instrucciones del Gobernador Silvano Aureoles de brindar atenci\u00f3n directa a las regiones y los municipios michoacanos, este mi\u00e9rcoles se llev\u00f3 a cabo la Jornada de Ciencias: \u201cAcercando la Ciencia a tu municipio\u201d, en la que participaron docentes, estudiantes y ciudadanos en general de la regi\u00f3n Infiernillo.<\/p>\n<p>La actividad fue organizada por la Secretar\u00eda de Innovaci\u00f3n, Ciencia y Desarrollo Tecnol\u00f3gico (SICDET), con la colaboraci\u00f3n del Ayuntamiento de M\u00fagica, la Delegaci\u00f3n Estatal del Instituto Nacional para la Educaci\u00f3n de los Adultos (INEA), el Centro de Bachillerato Tecnol\u00f3gico Agropecuario n\u00famero 114, el Colegio de Estudios Cient\u00edficos y Tecnol\u00f3gicos de Michoac\u00e1n, el Colegio de Bachilleres del Estado de Michoac\u00e1n, la Universidad Michoacana de San Nicol\u00e1s de Hidalgo, el Centro de Convenciones y Exposiciones de Morelia a trav\u00e9s del Planetario \u201cLic. Felipe Rivera\u201d, y la Zona Escolar 019 de Telesecundarias.<\/p>\n<p>En el marco de esta jornada, que tuvo como sede el CBTA 114 de Nueva Italia, se llev\u00f3 a cabo una reuni\u00f3n de trabajo que fue encabezada por la encargada del despacho de la SICDET, Patricia Flores Anguiano, y a la que acudieron los integrantes del Comit\u00e9 Infiernillo de Ciencia, Tecnolog\u00eda e Innovaci\u00f3n as\u00ed como invitados especiales, como el delegado en Michoac\u00e1n del INEA, Juan Jos\u00e9 D\u00edaz Barriga Vargas.<\/p>\n<p>El objetivo del encuentro fue fortalecer esquemas de trabajo conjunto que permitir\u00e1n continuar con la colaboraci\u00f3n iniciada en a\u00f1os anteriores en materia de innovaci\u00f3n, ciencia y desarrollo tecnol\u00f3gico.<\/p>\n<p>Entre las actividades de la Jornada destacaron los talleres de Lectura Cient\u00edfica y de Ense\u00f1anza de las Matem\u00e1ticas y la F\u00edsica, as\u00ed como una Olimpiada Regional de F\u00edsica, y la conferencia magistral \u201cEn busca de otros mundos\u201d, impartida por el reconocido astr\u00f3nomo Luis Felipe Rodr\u00edguez Jorge.<\/p>\n<p>De manera paralela, en el auditorio municipal de Nueva Italia se llev\u00f3 a cabo una Feria de la Ciencia, con 25 talleres presentados por investigadores y estudiantes de la UMSNH; se cont\u00f3 tambi\u00e9n con el Domo Digital de la SICDET y el Planetario M\u00f3vil del Planetario de Morelia, que presentan a los asistentes contenidos multimedia de divulgaci\u00f3n.<\/p>\n<p>Flores Anguiano subray\u00f3 que la descentralizaci\u00f3n de las actividades del Gobierno y sus dependencias es una pol\u00edtica transversal de la actual administraci\u00f3n, pues, recalc\u00f3, es necesario acercar hasta los municipios y las regiones el trabajo las acciones que son capaces de brindar beneficios a la sociedad que en el caso de la Jornada de Ciencias se traducen en el fortalecimiento de la cultura cient\u00edfica de la poblaci\u00f3n.<\/p>\n<p>Enfatiz\u00f3 que la distancia respecto a la capital del estado no debe ser un obst\u00e1culo para que las y los michoacanos tengan la posibilidad de acercarse a la vanguardia del conocimiento cient\u00edfico y el desarrollo tecnol\u00f3gico, y participen de las llamadas econom\u00edas del conocimiento.<\/p>\n","protected":false},"excerpt":{"rendered":"<p>En cumplimiento a las instrucciones del Gobernador Silvano Aureoles de brindar atenci\u00f3n directa a las regiones y los municipios michoacanos, este mi\u00e9rcoles se llev\u00f3 a cabo la Jornada de Ciencias: \u201cAcercando la Ciencia a tu municipio\u201d,<\/p>\n","protected":false},"author":1,"featured_media":21726,"comment_status":"open","ping_status":"open","sticky":false,"template":"","format":"standard","meta":{"footnotes":""},"categories":[14,3],"tags":[],"class_list":["post-21725","post","type-post","status-publish","format-standard","has-post-thumbnail","hentry","category-destacadas","category-gobierno-del-estado-de-michoacan"],"_links":{"self":[{"href":"https:\/\/radiowebmx.com\/nota\/wp-json\/wp\/v2\/posts\/21725","targetHints":{"allow":["GET"]}}],"collection":[{"href":"https:\/\/radiowebmx.com\/nota\/wp-json\/wp\/v2\/posts"}],"about":[{"href":"https:\/\/radiowebmx.com\/nota\/wp-json\/wp\/v2\/types\/post"}],"author":[{"embeddable":true,"href":"https:\/\/radiowebmx.com\/nota\/wp-json\/wp\/v2\/users\/1"}],"replies":[{"embeddable":true,"href":"https:\/\/radiowebmx.com\/nota\/wp-json\/wp\/v2\/comments?post=21725"}],"version-history":[{"count":1,"href":"https:\/\/radiowebmx.com\/nota\/wp-json\/wp\/v2\/posts\/21725\/revisions"}],"predecessor-version":[{"id":21727,"href":"https:\/\/radiowebmx.com\/nota\/wp-json\/wp\/v2\/posts\/21725\/revisions\/21727"}],"wp:featuredmedia":[{"embeddable":true,"href":"https:\/\/radiowebmx.com\/nota\/wp-json\/wp\/v2\/media\/21726"}],"wp:attachment":[{"href":"https:\/\/radiowebmx.com\/nota\/wp-json\/wp\/v2\/media?parent=21725"}],"wp:term":[{"taxonomy":"category","embeddable":true,"href":"https:\/\/radiowebmx.com\/nota\/wp-json\/wp\/v2\/categories?post=21725"},{"taxonomy":"post_tag","embeddable":true,"href":"https:\/\/radiowebmx.com\/nota\/wp-json\/wp\/v2\/tags?post=21725"}],"curies":[{"name":"wp","href":"https:\/\/api.w.org\/{rel}","templated":true}]}}