{"id":21718,"date":"2016-02-25T12:13:02","date_gmt":"2016-02-25T18:13:02","guid":{"rendered":"https:\/\/radiowebmx.com\/nota\/?p=21718"},"modified":"2016-02-25T12:13:02","modified_gmt":"2016-02-25T18:13:02","slug":"univim-y-conalep-suman-esfuerzos-por-la-educacion","status":"publish","type":"post","link":"https:\/\/radiowebmx.com\/nota\/univim-y-conalep-suman-esfuerzos-por-la-educacion\/","title":{"rendered":"Univim y Conalep suman esfuerzos por la educaci\u00f3n"},"content":{"rendered":"<p><a href=\"https:\/\/radiowebmx.com\/nota\/wp-content\/uploads\/2016\/02\/63b1a921-9c9a-42a8-9f61-a7ef090b452e.jpg\"><img loading=\"lazy\" decoding=\"async\" class=\"alignleft size-full wp-image-21719\" src=\"https:\/\/radiowebmx.com\/nota\/wp-content\/uploads\/2016\/02\/63b1a921-9c9a-42a8-9f61-a7ef090b452e.jpg\" alt=\"63b1a921-9c9a-42a8-9f61-a7ef090b452e\" width=\"591\" height=\"357\" srcset=\"https:\/\/radiowebmx.com\/nota\/wp-content\/uploads\/2016\/02\/63b1a921-9c9a-42a8-9f61-a7ef090b452e.jpg 591w, https:\/\/radiowebmx.com\/nota\/wp-content\/uploads\/2016\/02\/63b1a921-9c9a-42a8-9f61-a7ef090b452e-300x181.jpg 300w\" sizes=\"auto, (max-width: 591px) 100vw, 591px\" \/><\/a>La Universidad Virtual del Estado de Michoac\u00e1n (Univim) y el Colegio Nacional de Educaci\u00f3n Profesional T\u00e9cnica (Conalep) Michoac\u00e1n firmaron un convenio de colaboraci\u00f3n interinstitucional, mediante el cual se formalizan acciones de vinculaci\u00f3n para fortalecer la educaci\u00f3n en la entidad, tal y como lo ha instruido el Gobernador Silvano Aureoles Conejo.<\/p>\n<p>La directora general del Conalep Michoac\u00e1n, Minerva Bautista G\u00f3mez,destac\u00f3 los beneficios que traer\u00e1\u00a0\u00a0dicho convenio,\u00a0\u00a0que permitir\u00e1 a las y los alumnos de los 13 planteles\u00a0tener una alternativa para continuar sus estudios de licenciatura y posteriormente maestr\u00edas y doctorado.<\/p>\n<p>&#8220;Con estas acciones\u00a0 de colaboraci\u00f3n entre ambas instituciones se\u00a0brindar\u00e1n mayores elementos\u00a0a los j\u00f3venes para\u00a0incursionar en la vida laboral de sus comunidades&#8221;, recalc\u00f3.<\/p>\n<p>La rectora de la Univim, Silvia Mendoza Valenzuela,refiri\u00f3 que uno de los prop\u00f3sitos principales de este convenio es extender la oferta educativa de nivel superior a los planteles del Conalep en la entidad, promoviendo el arraigo de los j\u00f3venes en sus comunidades y el ahorro de recursos econ\u00f3micos en las familias.<\/p>\n<p>El convenio contempla la promoci\u00f3n educativa en los 13 planteles del Conalep en Michoac\u00e1n, as\u00ed como la impartici\u00f3n de la oferta educativa de la Univim, cursos de capacitaci\u00f3n, reuniones y dem\u00e1s servicios educativos en horarios que no interfieran con el desarrollo acad\u00e9mico de cada plantel.<\/p>\n<p>Adem\u00e1s,el personal docente y administrativo del Conalep Michoac\u00e1n recibir\u00e1 hasta un 30% de descuento en los estudios de especialidades, diplomados y maestr\u00edas que ofrece la Univimylos estudiantes de ambas instituciones podr\u00e1n realizar su servicio social y pr\u00e1cticas profesionales tanto en las instalaciones de la Univim como en las del Conalep.<\/p>\n","protected":false},"excerpt":{"rendered":"<p>La Univim y el Conalep Michoac\u00e1n firmaron un convenio de colaboraci\u00f3n interinstitucional,<\/p>\n","protected":false},"author":1,"featured_media":21719,"comment_status":"open","ping_status":"open","sticky":false,"template":"","format":"standard","meta":{"footnotes":""},"categories":[14,3],"tags":[],"class_list":["post-21718","post","type-post","status-publish","format-standard","has-post-thumbnail","hentry","category-destacadas","category-gobierno-del-estado-de-michoacan"],"_links":{"self":[{"href":"https:\/\/radiowebmx.com\/nota\/wp-json\/wp\/v2\/posts\/21718","targetHints":{"allow":["GET"]}}],"collection":[{"href":"https:\/\/radiowebmx.com\/nota\/wp-json\/wp\/v2\/posts"}],"about":[{"href":"https:\/\/radiowebmx.com\/nota\/wp-json\/wp\/v2\/types\/post"}],"author":[{"embeddable":true,"href":"https:\/\/radiowebmx.com\/nota\/wp-json\/wp\/v2\/users\/1"}],"replies":[{"embeddable":true,"href":"https:\/\/radiowebmx.com\/nota\/wp-json\/wp\/v2\/comments?post=21718"}],"version-history":[{"count":1,"href":"https:\/\/radiowebmx.com\/nota\/wp-json\/wp\/v2\/posts\/21718\/revisions"}],"predecessor-version":[{"id":21720,"href":"https:\/\/radiowebmx.com\/nota\/wp-json\/wp\/v2\/posts\/21718\/revisions\/21720"}],"wp:featuredmedia":[{"embeddable":true,"href":"https:\/\/radiowebmx.com\/nota\/wp-json\/wp\/v2\/media\/21719"}],"wp:attachment":[{"href":"https:\/\/radiowebmx.com\/nota\/wp-json\/wp\/v2\/media?parent=21718"}],"wp:term":[{"taxonomy":"category","embeddable":true,"href":"https:\/\/radiowebmx.com\/nota\/wp-json\/wp\/v2\/categories?post=21718"},{"taxonomy":"post_tag","embeddable":true,"href":"https:\/\/radiowebmx.com\/nota\/wp-json\/wp\/v2\/tags?post=21718"}],"curies":[{"name":"wp","href":"https:\/\/api.w.org\/{rel}","templated":true}]}}