{"id":21715,"date":"2016-02-25T11:59:14","date_gmt":"2016-02-25T17:59:14","guid":{"rendered":"https:\/\/radiowebmx.com\/nota\/?p=21715"},"modified":"2016-02-25T11:59:14","modified_gmt":"2016-02-25T17:59:14","slug":"cobaem-inaugura-aulas-en-paracuaro-y-antunez","status":"publish","type":"post","link":"https:\/\/radiowebmx.com\/nota\/cobaem-inaugura-aulas-en-paracuaro-y-antunez\/","title":{"rendered":"COBAEM inaugura aulas en Par\u00e1cuaro y Ant\u00fanez"},"content":{"rendered":"<p><a href=\"https:\/\/radiowebmx.com\/nota\/wp-content\/uploads\/2016\/02\/b9512cc8-604d-4583-aa0d-fda346654433.jpg\"><img loading=\"lazy\" decoding=\"async\" class=\"alignleft size-full wp-image-21716\" src=\"https:\/\/radiowebmx.com\/nota\/wp-content\/uploads\/2016\/02\/b9512cc8-604d-4583-aa0d-fda346654433.jpg\" alt=\"b9512cc8-604d-4583-aa0d-fda346654433\" width=\"591\" height=\"251\" srcset=\"https:\/\/radiowebmx.com\/nota\/wp-content\/uploads\/2016\/02\/b9512cc8-604d-4583-aa0d-fda346654433.jpg 591w, https:\/\/radiowebmx.com\/nota\/wp-content\/uploads\/2016\/02\/b9512cc8-604d-4583-aa0d-fda346654433-300x127.jpg 300w\" sizes=\"auto, (max-width: 591px) 100vw, 591px\" \/><\/a>El director general del Colegio de Bachilleres del Estado de Michoac\u00e1n (COBAEM), Alejandro Bustos Aguilar y el alcalde de Par\u00e1cuaro, No\u00e9 Zamora Zamora, entregaron dos aulas en los planteles de la cabecera municipal y de la tenencia de Ant\u00fanez, que beneficiar\u00e1n a m\u00e1s de 500 alumnos.<\/p>\n<p>Tras cortar el list\u00f3n inaugural, Bustos Aguilar se congratul\u00f3 por este logro que se da en beneficio de la juventud de Michoac\u00e1n y destac\u00f3 que el COBAEM tiene 98 planteles y 15 extensiones, con una matr\u00edcula de 47 mil 200 alumnos.<\/p>\n<p>Record\u00f3 que el plantel Ant\u00fanez tiene a un joven destacado que pr\u00f3ximamente se presentar\u00e1 a la Olimpiada Nacional de Qu\u00edmica, \u201cpor lo que hacemos extensiva la felicitaci\u00f3n y le deseamos lo mejor para esta participaci\u00f3n; de igual forma, le hago saber que recibir\u00e1 un apoyo econ\u00f3mico para que realice su viaje\u201d.<\/p>\n<p>\u201cEl COBAEM no cuenta con muchos recursos, pero nos hemos trazado el compromiso de apoyar a los j\u00f3venes que destacan en los \u00e1mbitos acad\u00e9micos, culturales y deportivos, por lo que invito a los estudiantes a que se esfuercen para lograr sus objetivos profesionales y personales\u201d, coment\u00f3.<\/p>\n<p>Ante cientos de alumnos, Bustos Aguilar tambi\u00e9n resalt\u00f3 la importancia de los programas eCOBAEM y LeeCOBAEM, los cuales buscan crear conciencia ecol\u00f3gica y fomentar el h\u00e1bito por la lectura, respectivamente.<\/p>\n<p>Asimismo, junto con el presidente municipal de Par\u00e1cuarose comprometi\u00f3 a donar 20 computadoras para ambos planteles.<br \/>\nPosteriormente, autoridades del COBAEM visitaron el plantel Apatzing\u00e1n para revisar avances de obra, en donde los estudiantes se acercaron y externaron sus necesidades en cuanto a infraestructura y equipamiento.<\/p>\n<p>En la gira de trabajo tambi\u00e9n participaron el coordinador de Oficinas Centrales, Roberto Ambriz Mendoza; el coordinador sectorial n\u00famero 5, Neftal\u00ed Mendoza Andrade; los directores de los planteles Par\u00e1cuaro y Ant\u00fanez, Jos\u00e9 Enrique Franco C\u00e1rdenas y Pedro Jim\u00e9nez D\u00edaz, respectivamente y el secretario general del Sindicato Independiente de Trabajadores del COBAEM, Eduardo Mendoza Andrade.<\/p>\n","protected":false},"excerpt":{"rendered":"<p>El director general del COBAEM, Alejandro Bustos Aguilar y el alcalde de Par\u00e1cuaro, No\u00e9 Zamora Zamora, entregaron dos aulas en los planteles de la cabecera municipal y de la tenencia de Ant\u00fanez, que beneficiar\u00e1n a m\u00e1s de 500 alumnos.  <\/p>\n","protected":false},"author":1,"featured_media":21716,"comment_status":"open","ping_status":"open","sticky":false,"template":"","format":"standard","meta":{"footnotes":""},"categories":[14,3],"tags":[],"class_list":["post-21715","post","type-post","status-publish","format-standard","has-post-thumbnail","hentry","category-destacadas","category-gobierno-del-estado-de-michoacan"],"_links":{"self":[{"href":"https:\/\/radiowebmx.com\/nota\/wp-json\/wp\/v2\/posts\/21715","targetHints":{"allow":["GET"]}}],"collection":[{"href":"https:\/\/radiowebmx.com\/nota\/wp-json\/wp\/v2\/posts"}],"about":[{"href":"https:\/\/radiowebmx.com\/nota\/wp-json\/wp\/v2\/types\/post"}],"author":[{"embeddable":true,"href":"https:\/\/radiowebmx.com\/nota\/wp-json\/wp\/v2\/users\/1"}],"replies":[{"embeddable":true,"href":"https:\/\/radiowebmx.com\/nota\/wp-json\/wp\/v2\/comments?post=21715"}],"version-history":[{"count":1,"href":"https:\/\/radiowebmx.com\/nota\/wp-json\/wp\/v2\/posts\/21715\/revisions"}],"predecessor-version":[{"id":21717,"href":"https:\/\/radiowebmx.com\/nota\/wp-json\/wp\/v2\/posts\/21715\/revisions\/21717"}],"wp:featuredmedia":[{"embeddable":true,"href":"https:\/\/radiowebmx.com\/nota\/wp-json\/wp\/v2\/media\/21716"}],"wp:attachment":[{"href":"https:\/\/radiowebmx.com\/nota\/wp-json\/wp\/v2\/media?parent=21715"}],"wp:term":[{"taxonomy":"category","embeddable":true,"href":"https:\/\/radiowebmx.com\/nota\/wp-json\/wp\/v2\/categories?post=21715"},{"taxonomy":"post_tag","embeddable":true,"href":"https:\/\/radiowebmx.com\/nota\/wp-json\/wp\/v2\/tags?post=21715"}],"curies":[{"name":"wp","href":"https:\/\/api.w.org\/{rel}","templated":true}]}}