{"id":21631,"date":"2016-02-22T13:56:52","date_gmt":"2016-02-22T19:56:52","guid":{"rendered":"https:\/\/radiowebmx.com\/nota\/?p=21631"},"modified":"2016-02-22T13:56:52","modified_gmt":"2016-02-22T19:56:52","slug":"inaugura-cobaem-dos-aulas-en-zinapecuaro","status":"publish","type":"post","link":"https:\/\/radiowebmx.com\/nota\/inaugura-cobaem-dos-aulas-en-zinapecuaro\/","title":{"rendered":"Inaugura Cobaem dos aulas en Zinap\u00e9cuaro"},"content":{"rendered":"<p><a href=\"https:\/\/radiowebmx.com\/nota\/wp-content\/uploads\/2016\/02\/3d83717b-dc86-496a-9697-838ed0a25176.jpg\"><img loading=\"lazy\" decoding=\"async\" class=\"alignleft size-full wp-image-21632\" src=\"https:\/\/radiowebmx.com\/nota\/wp-content\/uploads\/2016\/02\/3d83717b-dc86-496a-9697-838ed0a25176.jpg\" alt=\"3d83717b-dc86-496a-9697-838ed0a25176\" width=\"591\" height=\"331\" srcset=\"https:\/\/radiowebmx.com\/nota\/wp-content\/uploads\/2016\/02\/3d83717b-dc86-496a-9697-838ed0a25176.jpg 591w, https:\/\/radiowebmx.com\/nota\/wp-content\/uploads\/2016\/02\/3d83717b-dc86-496a-9697-838ed0a25176-300x168.jpg 300w, https:\/\/radiowebmx.com\/nota\/wp-content\/uploads\/2016\/02\/3d83717b-dc86-496a-9697-838ed0a25176-284x158.jpg 284w, https:\/\/radiowebmx.com\/nota\/wp-content\/uploads\/2016\/02\/3d83717b-dc86-496a-9697-838ed0a25176-128x72.jpg 128w\" sizes=\"auto, (max-width: 591px) 100vw, 591px\" \/><\/a>El director general del Colegio de Bachilleres del Estado de Michoac\u00e1n (Cobaem), Alejandro Bustos Aguilar, en compa\u00f1\u00edade autoridades federales y municipales, inaugur\u00f3 dos aulas educativas en la tenencia de Francisco Villa, del municipio de Zinap\u00e9cuaro.<\/p>\n<p>El diputado federal Norberto Antonio Mart\u00ednez Soto, destac\u00f3 la importancia de fortalecer los servicios educativos, pues \u201cla capacitaci\u00f3n, la educaci\u00f3n y el trabajo son parte de la disciplina diaria que debe tener el ser humano\u201d.<\/p>\n<p>Por su parte, la alcaldesa de Zinap\u00e9cuaro, Mar\u00eda del Refugio Silva Dur\u00e1n, invit\u00f3 a las autoridades educativas, municipales y federales a coadyuvar y seguir trabajando para gestionar en todos los niveles de gobierno, a fin de obtener recursos que aporten al sector educativo.<\/p>\n<p>Por su parte, el director general del Cobaem, Alejandro Bustos, indic\u00f3 que estas obras impactar\u00e1n de manera favorable en el sector estudiantil, que es la raz\u00f3n de ser de esta instituci\u00f3n.<\/p>\n<p>Indic\u00f3 que \u00e9ste es un paso muy importante para la construcci\u00f3n del plantel de Zinap\u00e9cuaro y agradeci\u00f3 la gesti\u00f3n del Ayuntamiento, ya que da muestra de su compromiso con la sociedad.<\/p>\n<p>Bustos Aguilar agradeci\u00f3 y reconoci\u00f3 al ejidatario Roberto Mendoza, quien fue el donador del terreno, y resalt\u00f3: \u201ces muy importante invertirle a la educaci\u00f3n y crear oportunidades para quienes menos tienen y as\u00ed tener una sociedad m\u00e1s igualitaria, justa y equitativa\u201d.<\/p>\n<p>Finalmente, destac\u00f3 la importancia de aumentar la infraestructura educativa, ya que la instrucci\u00f3n del Gobernador del Estado, Silvano Aureoles Conejo, es brindar educaci\u00f3n de calidad en todos los niveles y sistemas de la entidad.<\/p>\n","protected":false},"excerpt":{"rendered":"<p>El director general del Cobaem, Alejandro Bustos Aguilar, en compa\u00f1\u00edade autoridades federales y municipales, inaugur\u00f3 dos aulas educativas en la tenencia de Francisco Villa, del municipio de Zinap\u00e9cuaro.<\/p>\n","protected":false},"author":1,"featured_media":21632,"comment_status":"open","ping_status":"open","sticky":false,"template":"","format":"standard","meta":{"footnotes":""},"categories":[14,3],"tags":[],"class_list":["post-21631","post","type-post","status-publish","format-standard","has-post-thumbnail","hentry","category-destacadas","category-gobierno-del-estado-de-michoacan"],"_links":{"self":[{"href":"https:\/\/radiowebmx.com\/nota\/wp-json\/wp\/v2\/posts\/21631","targetHints":{"allow":["GET"]}}],"collection":[{"href":"https:\/\/radiowebmx.com\/nota\/wp-json\/wp\/v2\/posts"}],"about":[{"href":"https:\/\/radiowebmx.com\/nota\/wp-json\/wp\/v2\/types\/post"}],"author":[{"embeddable":true,"href":"https:\/\/radiowebmx.com\/nota\/wp-json\/wp\/v2\/users\/1"}],"replies":[{"embeddable":true,"href":"https:\/\/radiowebmx.com\/nota\/wp-json\/wp\/v2\/comments?post=21631"}],"version-history":[{"count":1,"href":"https:\/\/radiowebmx.com\/nota\/wp-json\/wp\/v2\/posts\/21631\/revisions"}],"predecessor-version":[{"id":21633,"href":"https:\/\/radiowebmx.com\/nota\/wp-json\/wp\/v2\/posts\/21631\/revisions\/21633"}],"wp:featuredmedia":[{"embeddable":true,"href":"https:\/\/radiowebmx.com\/nota\/wp-json\/wp\/v2\/media\/21632"}],"wp:attachment":[{"href":"https:\/\/radiowebmx.com\/nota\/wp-json\/wp\/v2\/media?parent=21631"}],"wp:term":[{"taxonomy":"category","embeddable":true,"href":"https:\/\/radiowebmx.com\/nota\/wp-json\/wp\/v2\/categories?post=21631"},{"taxonomy":"post_tag","embeddable":true,"href":"https:\/\/radiowebmx.com\/nota\/wp-json\/wp\/v2\/tags?post=21631"}],"curies":[{"name":"wp","href":"https:\/\/api.w.org\/{rel}","templated":true}]}}