{"id":21628,"date":"2016-02-22T13:53:26","date_gmt":"2016-02-22T19:53:26","guid":{"rendered":"https:\/\/radiowebmx.com\/nota\/?p=21628"},"modified":"2016-02-22T13:53:26","modified_gmt":"2016-02-22T19:53:26","slug":"asiste-gerente-de-liconsa-como-invitado-especial-a-la-asamblea-de-la-asociacion-ganadera-local-de-morelia","status":"publish","type":"post","link":"https:\/\/radiowebmx.com\/nota\/asiste-gerente-de-liconsa-como-invitado-especial-a-la-asamblea-de-la-asociacion-ganadera-local-de-morelia\/","title":{"rendered":"ASISTE GERENTE DE LICONSA COMO INVITADO ESPECIAL A LA ASAMBLEA DE LA ASOCIACI\u00d3N GANADERA LOCAL DE MORELIA."},"content":{"rendered":"<p><a href=\"https:\/\/radiowebmx.com\/nota\/wp-content\/uploads\/2016\/02\/boletin.21.02.163.jpg\"><img loading=\"lazy\" decoding=\"async\" class=\"alignleft size-full wp-image-21629\" src=\"https:\/\/radiowebmx.com\/nota\/wp-content\/uploads\/2016\/02\/boletin.21.02.163.jpg\" alt=\"boletin.21.02.16(3)\" width=\"591\" height=\"217\" srcset=\"https:\/\/radiowebmx.com\/nota\/wp-content\/uploads\/2016\/02\/boletin.21.02.163.jpg 591w, https:\/\/radiowebmx.com\/nota\/wp-content\/uploads\/2016\/02\/boletin.21.02.163-300x110.jpg 300w\" sizes=\"auto, (max-width: 591px) 100vw, 591px\" \/><\/a>El Gerente Estatal de Liconsa en Michoac\u00e1n, Ger\u00f3nimo Color Gasca asisti\u00f3 como invitado especial a la Asamblea de la Asociaci\u00f3n Ganadera Local de Morelia, en donde transmiti\u00f3 el saludo y aprecio del Presidente Enrique Pe\u00f1a Nieto a los ganaderos productores de leche de la regi\u00f3n de Morelia y ratific\u00f3 su compromiso para seguirlos apoyando.<\/p>\n<p>En el marco de la asamblea, el Gerente inform\u00f3 que hoy gracias al trabajo de todos los ganaderos en coordinaci\u00f3n con Liconsa, se est\u00e1n comercializando 20 mil litros diarios de leche fresca del Valle Morelia-Quer\u00e9ndaro en el Centro de Acopio de \u00c1lvaro Obreg\u00f3n.<\/p>\n<p>Tambi\u00e9n destac\u00f3 el apoyo que recientemente se entreg\u00f3 a los productores ganaderos de la zona de Chiquimit\u00edo para la adquisici\u00f3n de equipo y tanques fr\u00edos para el procesamiento de leche fresca a trav\u00e9s del Instituto Nacional de la Econom\u00eda Social (ENAES). Con lo cual podr\u00e1n obtener hasta 6.20 pesos en su pago por litro de leche vendido a Liconsa.<\/p>\n<p>En su intervenci\u00f3n, el diputado federal V\u00edctor Manuel Silva Tejeda, reconoci\u00f3 el trabajo de Liconsa en Michoac\u00e1n que a trav\u00e9s del Gerente Ger\u00f3nimo Color Gasca ha apoyado a los productores de leche no s\u00f3lo de Morelia sino de todo el estado, ejemplo de ello el reciente compromiso adquirido en Tepalcatepec por parte del Secretario de Desarrollo Social, Jos\u00e9 Antonio Meade Kuribre\u00f1a de abrir un nuevo centro de acopio en la Regi\u00f3n de Apatzing\u00e1n-Tepalcatepec.<\/p>\n<p>Color Gasca reiter\u00f3 la importancia de seguir trabajando de manera coordinada el Gobierno Estatal y el Ayuntamiento de Morelia, para potencializar los recursos de los hombres y mujeres del sector ganadero local.<\/p>\n<p>En tanto, No\u00e9 Rangel, presidente de la Asociaci\u00f3n Ganadera Local de Morelia, reconoci\u00f3 el apoyo de los tres \u00f3rdenes de gobierno y expres\u00f3 su gratitud a nombre de las y los ganaderos locales por el apoyo sin precedentes que les ha otorgado a trav\u00e9s de Liconsa el presidente Enrique Pe\u00f1a Nieto, lo que ha permitido fortalecer esta importante actividad pecuaria en el Valle de Morelia-Quer\u00e9ndaro.<\/p>\n","protected":false},"excerpt":{"rendered":"<p>El Gerente Estatal de Liconsa en Michoac\u00e1n, Ger\u00f3nimo Color Gasca asisti\u00f3 como invitado especial a la Asamblea de la Asociaci\u00f3n Ganadera Local de Morelia,<\/p>\n","protected":false},"author":1,"featured_media":21629,"comment_status":"open","ping_status":"open","sticky":false,"template":"","format":"standard","meta":{"footnotes":""},"categories":[14,3],"tags":[],"class_list":["post-21628","post","type-post","status-publish","format-standard","has-post-thumbnail","hentry","category-destacadas","category-gobierno-del-estado-de-michoacan"],"_links":{"self":[{"href":"https:\/\/radiowebmx.com\/nota\/wp-json\/wp\/v2\/posts\/21628","targetHints":{"allow":["GET"]}}],"collection":[{"href":"https:\/\/radiowebmx.com\/nota\/wp-json\/wp\/v2\/posts"}],"about":[{"href":"https:\/\/radiowebmx.com\/nota\/wp-json\/wp\/v2\/types\/post"}],"author":[{"embeddable":true,"href":"https:\/\/radiowebmx.com\/nota\/wp-json\/wp\/v2\/users\/1"}],"replies":[{"embeddable":true,"href":"https:\/\/radiowebmx.com\/nota\/wp-json\/wp\/v2\/comments?post=21628"}],"version-history":[{"count":1,"href":"https:\/\/radiowebmx.com\/nota\/wp-json\/wp\/v2\/posts\/21628\/revisions"}],"predecessor-version":[{"id":21630,"href":"https:\/\/radiowebmx.com\/nota\/wp-json\/wp\/v2\/posts\/21628\/revisions\/21630"}],"wp:featuredmedia":[{"embeddable":true,"href":"https:\/\/radiowebmx.com\/nota\/wp-json\/wp\/v2\/media\/21629"}],"wp:attachment":[{"href":"https:\/\/radiowebmx.com\/nota\/wp-json\/wp\/v2\/media?parent=21628"}],"wp:term":[{"taxonomy":"category","embeddable":true,"href":"https:\/\/radiowebmx.com\/nota\/wp-json\/wp\/v2\/categories?post=21628"},{"taxonomy":"post_tag","embeddable":true,"href":"https:\/\/radiowebmx.com\/nota\/wp-json\/wp\/v2\/tags?post=21628"}],"curies":[{"name":"wp","href":"https:\/\/api.w.org\/{rel}","templated":true}]}}