{"id":21623,"date":"2016-02-22T13:45:49","date_gmt":"2016-02-22T19:45:49","guid":{"rendered":"https:\/\/radiowebmx.com\/nota\/?p=21623"},"modified":"2016-02-22T13:45:49","modified_gmt":"2016-02-22T19:45:49","slug":"michoacan-presente-en-la-conmemoracion-del-dia-internacional-de-la-lengua-materna","status":"publish","type":"post","link":"https:\/\/radiowebmx.com\/nota\/michoacan-presente-en-la-conmemoracion-del-dia-internacional-de-la-lengua-materna\/","title":{"rendered":"Michoac\u00e1n, presente en la Conmemoraci\u00f3n del D\u00eda Internacional de la Lengua Materna"},"content":{"rendered":"<p><a href=\"https:\/\/radiowebmx.com\/nota\/wp-content\/uploads\/2016\/02\/89fe046b-a9ca-495f-b65e-275d87c6f9fb.jpg\"><img loading=\"lazy\" decoding=\"async\" class=\"alignleft  wp-image-21624\" src=\"https:\/\/radiowebmx.com\/nota\/wp-content\/uploads\/2016\/02\/89fe046b-a9ca-495f-b65e-275d87c6f9fb.jpg\" alt=\"89fe046b-a9ca-495f-b65e-275d87c6f9fb\" width=\"570\" height=\"327\" srcset=\"https:\/\/radiowebmx.com\/nota\/wp-content\/uploads\/2016\/02\/89fe046b-a9ca-495f-b65e-275d87c6f9fb.jpg 1600w, https:\/\/radiowebmx.com\/nota\/wp-content\/uploads\/2016\/02\/89fe046b-a9ca-495f-b65e-275d87c6f9fb-300x172.jpg 300w, https:\/\/radiowebmx.com\/nota\/wp-content\/uploads\/2016\/02\/89fe046b-a9ca-495f-b65e-275d87c6f9fb-1024x586.jpg 1024w, https:\/\/radiowebmx.com\/nota\/wp-content\/uploads\/2016\/02\/89fe046b-a9ca-495f-b65e-275d87c6f9fb-128x72.jpg 128w\" sizes=\"auto, (max-width: 570px) 100vw, 570px\" \/><\/a>La Secretar\u00eda de Cultura de Michoac\u00e1n (Secum) hizo posible que la Banda y Coro Pur\u00e9pecha de Tingambato, representaran al estado en la conmemoraci\u00f3n del D\u00eda Internacional de la Lengua Materna realizada en el Centro Nacional de las Artes, en la ciudad de M\u00e9xico.<\/p>\n<p>Ah\u00ed, el encargado del despacho Cultural y Art\u00edstico de la Secretar\u00eda de Cultura federal, Sa\u00fal Ju\u00e1rez Vega, agradeci\u00f3 p\u00fablicamente al titular de la Secum, Salvador Ginori Lozano, su disposici\u00f3n para sumarse a este tipo de eventos en los que es importante la presencia michoacana, dado el n\u00famero de hablantes de lenguas originarias. Al reconocimiento se sumaron el director del Instituto Nacional de Lenguas Ind\u00edgenas, Javier L\u00f3pez S\u00e1nchez, y el director de Fomento Cultural, Eduardo Garc\u00eda Barrios.<\/p>\n<p>Cabe recordar que desde el a\u00f1o 2000, cada 21 de febrero la Organizaci\u00f3n de las Naciones Unidas para la Educaci\u00f3n, la Ciencia y la Cultura (UNESCO) conmemora el D\u00eda Internacional de la Lengua Materna.<\/p>\n<p>En este marco, la Secretar\u00eda de Cultura federal inaugur\u00f3 el Primer Congreso Internacional \u201cEl pluralismo jur\u00eddico y el ejercicio de los derechos ling\u00fc\u00edsticos de los pueblos ind\u00edgenas\u201d, con el prop\u00f3sito de difundir y promover el reconocimiento de estas lenguas y de acercarse a ellas como una parte de nuestra cosmovisi\u00f3n. \u201cNecesitamos que la lenguas ind\u00edgenas sean respetadas y la mejor manera es conoci\u00e9ndolas, para ello hay que escucharlas y verlas\u201d, se\u00f1al\u00f3 Ju\u00e1rez Vega.<\/p>\n<p>El D\u00eda Internacional de la Lengua Materna sirve para conmemorar y reflexionar en torno a la situaci\u00f3n de las 364 variantes que hay en M\u00e9xico, agrupadas en 68 lenguas ind\u00edgenas y pertenecientes a 11 familias ling\u00fc\u00edsticas.<\/p>\n<p>En Michoac\u00e1n, la Unidad Regional de Culturas Populares y la Secretar\u00eda de Cultura realizar\u00e1n la presentaci\u00f3n de una serie de libros en lenguas ind\u00edgenas, entre los que se encuentra una colecci\u00f3n de materiales para el fortalecimiento en lengua\u00a0mazahua, con los siguientes t\u00edtulos: TOJO GA KJANU YO TSIPJANTEJE, As\u00ed cantan los venaditos; TSINOJO YO TSITII J\u00d1AA J\u00d1ATJO, Cantitos para los ni\u00f1os en lengua mazahua; UN TS\u2019IB\u2019OME, La borreguita negra; NU NDECHJ\u00da \u00d1E UN MI\u00d1O, El borrego y el coyote; SKUAMA KOK\u2019 ASA JMICHA KO SOO RI PEPJI NDORI XOR\u00da J\u00d1ATJO, Libro para iluminar y aprender lengua mazahua; TE\u00d1E J\u00d1ATJO, Loter\u00eda mazahua.<\/p>\n<p>Se trata de una serie coeditada por Culturas Populares Michoac\u00e1n, CDI Michoac\u00e1n, DGEI, Secretar\u00eda de Cultura y Ayuntamiento de Zit\u00e1cuaro, que ser\u00e1 presentada por las profesoras Tomasa Claudio Contreras y Mar\u00eda Benites Reyna, quienes\u00a0compartir\u00e1n la experiencia de trabajo de los materiales en las aulas de preescolar de educaci\u00f3n ind\u00edgena en la regi\u00f3n mazahua de Michoac\u00e1n.<\/p>\n<p>Finalmente se presentar\u00e1 el libro en lengua pur\u00e9pecha <em>Uenhikuaechani kar\u00e1ni p&#8217;orhe jimbo: Uinhas\u00efkunts\u00efkua kar\u00e1kata echeri enga uinhaperantajka jucheri uandakua ka mimixikua p&#8217;orhecheri. La creaci\u00f3n de poes\u00eda purh\u00e9pecha:\u00a0soporte literario para fortalecer la lengua y cultura ind\u00edgena.<\/em><\/p>\n<p>Las actividades est\u00e1n programadas para el mi\u00e9rcoles 24 de febrero, a las 17:00 horas, en el Centro Cultural UNAM.<\/p>\n","protected":false},"excerpt":{"rendered":"<p>La Secum hizo posible que la Banda y Coro Pur\u00e9pecha de Tingambato, representaran al estado en la conmemoraci\u00f3n del D\u00eda Internacional de la Lengua Materna realizada en el Centro Nacional de las Artes, en la ciudad de M\u00e9xico.<\/p>\n","protected":false},"author":1,"featured_media":21624,"comment_status":"open","ping_status":"open","sticky":false,"template":"","format":"standard","meta":{"footnotes":""},"categories":[14,3],"tags":[],"class_list":["post-21623","post","type-post","status-publish","format-standard","has-post-thumbnail","hentry","category-destacadas","category-gobierno-del-estado-de-michoacan"],"_links":{"self":[{"href":"https:\/\/radiowebmx.com\/nota\/wp-json\/wp\/v2\/posts\/21623","targetHints":{"allow":["GET"]}}],"collection":[{"href":"https:\/\/radiowebmx.com\/nota\/wp-json\/wp\/v2\/posts"}],"about":[{"href":"https:\/\/radiowebmx.com\/nota\/wp-json\/wp\/v2\/types\/post"}],"author":[{"embeddable":true,"href":"https:\/\/radiowebmx.com\/nota\/wp-json\/wp\/v2\/users\/1"}],"replies":[{"embeddable":true,"href":"https:\/\/radiowebmx.com\/nota\/wp-json\/wp\/v2\/comments?post=21623"}],"version-history":[{"count":1,"href":"https:\/\/radiowebmx.com\/nota\/wp-json\/wp\/v2\/posts\/21623\/revisions"}],"predecessor-version":[{"id":21625,"href":"https:\/\/radiowebmx.com\/nota\/wp-json\/wp\/v2\/posts\/21623\/revisions\/21625"}],"wp:featuredmedia":[{"embeddable":true,"href":"https:\/\/radiowebmx.com\/nota\/wp-json\/wp\/v2\/media\/21624"}],"wp:attachment":[{"href":"https:\/\/radiowebmx.com\/nota\/wp-json\/wp\/v2\/media?parent=21623"}],"wp:term":[{"taxonomy":"category","embeddable":true,"href":"https:\/\/radiowebmx.com\/nota\/wp-json\/wp\/v2\/categories?post=21623"},{"taxonomy":"post_tag","embeddable":true,"href":"https:\/\/radiowebmx.com\/nota\/wp-json\/wp\/v2\/tags?post=21623"}],"curies":[{"name":"wp","href":"https:\/\/api.w.org\/{rel}","templated":true}]}}