{"id":21620,"date":"2016-02-22T13:40:22","date_gmt":"2016-02-22T19:40:22","guid":{"rendered":"https:\/\/radiowebmx.com\/nota\/?p=21620"},"modified":"2016-02-22T13:40:22","modified_gmt":"2016-02-22T19:40:22","slug":"luchar-por-un-mexico-de-legalidad-y-justicia-mayor-reconocimiento-a-heroes-de-la-revolucion-secretario-jesus-avalos","status":"publish","type":"post","link":"https:\/\/radiowebmx.com\/nota\/luchar-por-un-mexico-de-legalidad-y-justicia-mayor-reconocimiento-a-heroes-de-la-revolucion-secretario-jesus-avalos\/","title":{"rendered":"Luchar por un M\u00e9xico de legalidad y Justicia, mayor reconocimiento a H\u00e9roes de la Revoluci\u00f3n: Secretario Jes\u00fas \u00c1valos"},"content":{"rendered":"<p><a href=\"https:\/\/radiowebmx.com\/nota\/wp-content\/uploads\/2016\/02\/60c88950-37ed-4872-863b-712002a498bf.jpg\"><img loading=\"lazy\" decoding=\"async\" class=\"alignleft  wp-image-21621\" src=\"https:\/\/radiowebmx.com\/nota\/wp-content\/uploads\/2016\/02\/60c88950-37ed-4872-863b-712002a498bf.jpg\" alt=\"60c88950-37ed-4872-863b-712002a498bf\" width=\"338\" height=\"132\" srcset=\"https:\/\/radiowebmx.com\/nota\/wp-content\/uploads\/2016\/02\/60c88950-37ed-4872-863b-712002a498bf.jpg 1142w, https:\/\/radiowebmx.com\/nota\/wp-content\/uploads\/2016\/02\/60c88950-37ed-4872-863b-712002a498bf-300x117.jpg 300w, https:\/\/radiowebmx.com\/nota\/wp-content\/uploads\/2016\/02\/60c88950-37ed-4872-863b-712002a498bf-1024x400.jpg 1024w\" sizes=\"auto, (max-width: 338px) 100vw, 338px\" \/><\/a>El mejor homenaje que se puede realizar para recordar la lucha que realiz\u00f3 Francisco I. Madero y Don Jos\u00e9 Mar\u00eda y Pino Su\u00e1rez en el periodo de la Revoluci\u00f3n\u00a0 es que cada uno desde su \u00e1mbito y con sus capacidades, trabajen por un M\u00e9xico donde imperen la legalidad y la justicia, en congruencia plena con sus ideales democr\u00e1ticos, as\u00ed lo se\u00f1al\u00f3 el secretario del Ayuntamiento, Jes\u00fas \u00c1valos Plata al fungir como orador oficial del 103 Aniversario Luctuoso de Madero y Pino Su\u00e1rez.<\/p>\n<p>Durante su participaci\u00f3n, \u00c1valos Plata resalt\u00f3 que los dos hijos m\u00e1s grandes de\u00a0 la historia de M\u00e9xico intentaron hacer de la pol\u00edtica una actividad digna y transparente, que tuviera como objetivo, el bien com\u00fan de todos los mexicanos, \u201cdos verdaderos hombres que el 22 de febrero de 1913 fueron cobardemente asesinados, v\u00edctimas de la traici\u00f3n y de un M\u00e9xico convulsivo.\u201d<\/p>\n<p>Ante el Presidente Municipal, Alfonso Mart\u00ednez Alc\u00e1zar, el encargado de la Pol\u00edtica Interna del municipio, asegur\u00f3 que lo dich\u00f3 por Madero hace a\u00f1os debe ser retomado puesto que \u201cun buen gobierno solamente puede existir cuando hay buenos ciudadanos\u201d.<\/p>\n<p>En este sentido, indic\u00f3 que los buenos ciudadanos habr\u00e1n de formarse en las escuelas, esto gracias a las maestras y maestros, ya que son ellos\u00a0 quienes habr\u00e1n de llevar a cabo la noble labor de transmitir los conocimientos, de sembrar la inquietud por saber y la disciplina por estudiar y mejorar cada d\u00eda y vencer las adversidades.<\/p>\n<p>\u201cEsos buenos ciudadanos han de formarse de igual modo en los hogares de las familias mexicanas. En casa se transmiten, nutren y fortalecen los principios y valores que nos hacen mejores personas, a trav\u00e9s del buen ejemplo y el sabio consejo de nuestros padres, quienes deben estar plenamente involucrados en la formaci\u00f3n y educaci\u00f3n de los hijos\u201d indic\u00f3 Jes\u00fas \u00c1valos.<\/p>\n<p>Asimismo, ante profesores, padres de familia y autoridades municipales y estatales el\u00a0 funcionario municipal envi\u00f3 un mensaje a los ni\u00f1os y ni\u00f1as, en torno a que cumplan con sus responsabilidades, que\u00a0 asistan a clases, presten atenci\u00f3n a sus maestros, hagan sus tareas, escuchen a sus padres y pongan siempre su mejor esfuerzo.<\/p>\n<p>De igual forma, coment\u00f3 que tienen una responsabilidad a\u00fan mayor que es cumplir sus sue\u00f1os ya que \u201centre ustedes se puede encontrar a un gran abogado, m\u00e9dico, ingeniero o incluso alg\u00fan futuro presidente o presidenta de esta gran Ciudad\u201d.<\/p>\n<p>Hizo hincapi\u00e9 en que M\u00e9xico es un pa\u00eds grande gracias a cientos y miles de personas que no se rindieron, se prepararon y lucharon por lo que cre\u00edan, por sus metas y principios, incluso en los momentos m\u00e1s dif\u00edciles, como Madero y Pino Su\u00e1rez.<\/p>\n<p>\u201cHoy, a poco m\u00e1s de una centuria de que Madero y Pino Su\u00e1rez nos dejaran su legado y la herencia democr\u00e1tica y ciudadana como camino para el futuro de M\u00e9xico, con alegr\u00eda podemos decir que esos hombres no estaban equivocados, que la democracia requiere de ciudadanos comprometidos con su gente y no con un partido pol\u00edtico o con sistemas autoritarios que despojen a la gente de su independencia y su libertad\u201d.<\/p>\n<p>En este tenor, asegur\u00f3 que como\u00a0 primer Gobierno Ciudadano e Independiente de la historia de Morelia, la ciudadan\u00eda puede tener\u00a0 la certeza de que estamos haciendo un gran esfuerzo para ayudarles a que tengan mejores condiciones para crecer y desarrollarse.<\/p>\n<p>Por ello, dij\u00f3, que est\u00e1n convencidos de que a todos los ni\u00f1os y ni\u00f1as se les debe garantizar el acceso a una educaci\u00f3n de calidad. Entendemos que esa es la mejor inversi\u00f3n que cualquier gobierno democr\u00e1tico puede hacer.<\/p>\n<p>Para lograr este fin el gobierno que encabeza Alfonso Mart\u00ednez Alc\u00e1zar, subray\u00f3 que est\u00e1 trabajando arduamente para que, dentro de sus facultades y atribuciones, y en coordinaci\u00f3n con los dem\u00e1s \u00f3rdenes de Gobierno, sus escuelas est\u00e9n m\u00e1s y mejor equipadas, y sean espacios dignos.<\/p>\n<p>Finalmente, el secretario del Ayuntamiento, reconoci\u00f3 que Morelia merece que todos sigan construyendo y poniendo lo que les corresponde para vivir mejor en comunidad y solidaridad; trabajando por un\u00a0 Morelia de Todos, pero principalmente para los ni\u00f1os, quienes la recibir\u00e1n en sus manos y tendr\u00e1n la responsabilidad de hacerla mejor y m\u00e1s grande.<\/p>\n","protected":false},"excerpt":{"rendered":"<p>El mejor homenaje que se puede realizar para recordar la lucha que realiz\u00f3 Francisco I. Madero y Don Jos\u00e9 Mar\u00eda y Pino Su\u00e1rez en el periodo de la Revoluci\u00f3n  es que cada uno desde su \u00e1mbito y con sus capacidades,<\/p>\n","protected":false},"author":1,"featured_media":21621,"comment_status":"open","ping_status":"open","sticky":false,"template":"","format":"standard","meta":{"footnotes":""},"categories":[14,9],"tags":[],"class_list":["post-21620","post","type-post","status-publish","format-standard","has-post-thumbnail","hentry","category-destacadas","category-morelia"],"_links":{"self":[{"href":"https:\/\/radiowebmx.com\/nota\/wp-json\/wp\/v2\/posts\/21620","targetHints":{"allow":["GET"]}}],"collection":[{"href":"https:\/\/radiowebmx.com\/nota\/wp-json\/wp\/v2\/posts"}],"about":[{"href":"https:\/\/radiowebmx.com\/nota\/wp-json\/wp\/v2\/types\/post"}],"author":[{"embeddable":true,"href":"https:\/\/radiowebmx.com\/nota\/wp-json\/wp\/v2\/users\/1"}],"replies":[{"embeddable":true,"href":"https:\/\/radiowebmx.com\/nota\/wp-json\/wp\/v2\/comments?post=21620"}],"version-history":[{"count":1,"href":"https:\/\/radiowebmx.com\/nota\/wp-json\/wp\/v2\/posts\/21620\/revisions"}],"predecessor-version":[{"id":21622,"href":"https:\/\/radiowebmx.com\/nota\/wp-json\/wp\/v2\/posts\/21620\/revisions\/21622"}],"wp:featuredmedia":[{"embeddable":true,"href":"https:\/\/radiowebmx.com\/nota\/wp-json\/wp\/v2\/media\/21621"}],"wp:attachment":[{"href":"https:\/\/radiowebmx.com\/nota\/wp-json\/wp\/v2\/media?parent=21620"}],"wp:term":[{"taxonomy":"category","embeddable":true,"href":"https:\/\/radiowebmx.com\/nota\/wp-json\/wp\/v2\/categories?post=21620"},{"taxonomy":"post_tag","embeddable":true,"href":"https:\/\/radiowebmx.com\/nota\/wp-json\/wp\/v2\/tags?post=21620"}],"curies":[{"name":"wp","href":"https:\/\/api.w.org\/{rel}","templated":true}]}}