{"id":21600,"date":"2016-02-19T11:07:55","date_gmt":"2016-02-19T17:07:55","guid":{"rendered":"https:\/\/radiowebmx.com\/nota\/?p=21600"},"modified":"2016-02-19T11:07:55","modified_gmt":"2016-02-19T17:07:55","slug":"morelia-fortalece-programas-y-acciones-de-seguridad-alfonso-martinez","status":"publish","type":"post","link":"https:\/\/radiowebmx.com\/nota\/morelia-fortalece-programas-y-acciones-de-seguridad-alfonso-martinez\/","title":{"rendered":"Morelia fortalece programas y acciones de seguridad: Alfonso Mart\u00ednez"},"content":{"rendered":"<p><a href=\"https:\/\/radiowebmx.com\/nota\/wp-content\/uploads\/2016\/02\/74319bcf-501c-46a7-ae92-c1dc4af5a80a.jpg\"><img loading=\"lazy\" decoding=\"async\" class=\"alignleft size-full wp-image-21601\" src=\"https:\/\/radiowebmx.com\/nota\/wp-content\/uploads\/2016\/02\/74319bcf-501c-46a7-ae92-c1dc4af5a80a.jpg\" alt=\"74319bcf-501c-46a7-ae92-c1dc4af5a80a\" width=\"591\" height=\"315\" srcset=\"https:\/\/radiowebmx.com\/nota\/wp-content\/uploads\/2016\/02\/74319bcf-501c-46a7-ae92-c1dc4af5a80a.jpg 591w, https:\/\/radiowebmx.com\/nota\/wp-content\/uploads\/2016\/02\/74319bcf-501c-46a7-ae92-c1dc4af5a80a-300x160.jpg 300w\" sizes=\"auto, (max-width: 591px) 100vw, 591px\" \/><\/a>El Ayuntamiento de Morelia que preside el Alcalde, Alfonso Mart\u00ednez Alc\u00e1zar, da pasos decididos en materia de prevenci\u00f3n de la violencia y la delincuencia, al obtener 88 millones pesos a trav\u00e9s del programa federal FORTASEG, anteriormente llamado SUBSEMUN, asimismo, formar\u00e1 parte de las ciudades que apoyar\u00e1 el programa Juntos para la Prevenci\u00f3n de la Violencia (JPV), perteneciente a la Agencia de los Estados Unidos para el Desarrollo Internacional (USAID), con lo cual la capital de Michoac\u00e1n fortalece sus esquemas de seguridad con miras a establecer las condiciones necesarias para generar desarrollo y bienestar para los morelianos.<\/p>\n<p>Como resultado de las gestiones que realiz\u00f3 el Presidente Municipal, Alfonso Mart\u00ednez, en el marco de la Reuni\u00f3n de Concertaci\u00f3n FORTASEG 2016, Morelia increment\u00f3 su participaci\u00f3n en los recursos federales, al obtener 10 millones de pesos m\u00e1s para este programa, en relaci\u00f3n con el 2015.<\/p>\n<p>El Alcalde precis\u00f3 que estos recursos ser\u00e1n invertidos en equipamiento e infraestructura policial, mediante la adquisici\u00f3n de patrullas, motocicletas y la construcci\u00f3n de dos estaciones de polic\u00eda, de tal forma que los elementos de seguridad cuenten con las herramientas necesarias para trabajar.<\/p>\n<p>Asimismo, destac\u00f3 importante aterrizar estos beneficios en la capacitaci\u00f3n y seguridad de los uniformados, por ello se invertir\u00e1 intensamente en formaci\u00f3n sobre el Nuevo Sistema de Justicia Penal y en mejorar el sistema de pensiones.<\/p>\n<p>Aunado a ello, inform\u00f3 que derivado de la coordinaci\u00f3n que existe con la Secretar\u00eda de Gobernaci\u00f3n, a trav\u00e9s de la subsecretaria, Ruth Zavaleta, se logr\u00f3 integrar a Morelia entre las 5 ciudades en todo el pa\u00eds que trabajar\u00e1n bajo el programa JPV.<\/p>\n<p>Acompa\u00f1ado por el S\u00edndico Municipal, Fabio Sistos Rangel, el Tesorero, Gabriel Guzm\u00e1n D\u00edaz y el comisionado Municipal de Seguridad, Bernardo Le\u00f3n Olea, el Alcalde se reuni\u00f3 con la citada funcionaria federal y con Lainie Reisman, directora del Programa JPV e Indira Villegas, gerente del Portafolio de Prevenci\u00f3n de Violencia USAID M\u00e9xico.<\/p>\n<p>En este encuentro, se establecieron lazos de cooperaci\u00f3n en temas de prevenci\u00f3n dirigidos a los j\u00f3venes morelianos, a trav\u00e9s de una plataforma que genere pol\u00edticas p\u00fablicas de participaci\u00f3n ciudadana a nivel comunitario y que involucre al sector privado.<\/p>\n<p>Asimismo, se brinda asesor\u00eda t\u00e9cnica para que Morelia impulse proyectos probados en materia de prevenci\u00f3n que fortalezcan el tejido social.<\/p>\n<p>\u201cPara el Gobierno Municipal es un compromiso atender el tema de seguridad desde una perspectiva de prevenci\u00f3n, por ello, celebr\u00f3 que el municipio haya recibido una cantidad importante de la Federaci\u00f3n para vitalizar nuestros cuerpos policiacos y a trav\u00e9s de un programa internacional, Morelia se integre a una red de ciudades que emprender\u00e1n acciones decididas de participaci\u00f3n ciudadana, con miras de mejorar las condiciones de desarrollo en la capital\u201d, se\u00f1al\u00f3 Alfonso Mart\u00ednez.<\/p>\n","protected":false},"excerpt":{"rendered":"<p>El Ayuntamiento de Morelia que preside el Alcalde, Alfonso Mart\u00ednez Alc\u00e1zar, da pasos decididos en materia de prevenci\u00f3n de la violencia y la delincuencia, al obtener 88 millones pesos a trav\u00e9s del programa federal FORTASEG, anteriormente llamado SUBSEMUN, asimismo,<\/p>\n","protected":false},"author":1,"featured_media":21601,"comment_status":"open","ping_status":"open","sticky":false,"template":"","format":"standard","meta":{"footnotes":""},"categories":[14,9],"tags":[],"class_list":["post-21600","post","type-post","status-publish","format-standard","has-post-thumbnail","hentry","category-destacadas","category-morelia"],"_links":{"self":[{"href":"https:\/\/radiowebmx.com\/nota\/wp-json\/wp\/v2\/posts\/21600","targetHints":{"allow":["GET"]}}],"collection":[{"href":"https:\/\/radiowebmx.com\/nota\/wp-json\/wp\/v2\/posts"}],"about":[{"href":"https:\/\/radiowebmx.com\/nota\/wp-json\/wp\/v2\/types\/post"}],"author":[{"embeddable":true,"href":"https:\/\/radiowebmx.com\/nota\/wp-json\/wp\/v2\/users\/1"}],"replies":[{"embeddable":true,"href":"https:\/\/radiowebmx.com\/nota\/wp-json\/wp\/v2\/comments?post=21600"}],"version-history":[{"count":1,"href":"https:\/\/radiowebmx.com\/nota\/wp-json\/wp\/v2\/posts\/21600\/revisions"}],"predecessor-version":[{"id":21603,"href":"https:\/\/radiowebmx.com\/nota\/wp-json\/wp\/v2\/posts\/21600\/revisions\/21603"}],"wp:featuredmedia":[{"embeddable":true,"href":"https:\/\/radiowebmx.com\/nota\/wp-json\/wp\/v2\/media\/21601"}],"wp:attachment":[{"href":"https:\/\/radiowebmx.com\/nota\/wp-json\/wp\/v2\/media?parent=21600"}],"wp:term":[{"taxonomy":"category","embeddable":true,"href":"https:\/\/radiowebmx.com\/nota\/wp-json\/wp\/v2\/categories?post=21600"},{"taxonomy":"post_tag","embeddable":true,"href":"https:\/\/radiowebmx.com\/nota\/wp-json\/wp\/v2\/tags?post=21600"}],"curies":[{"name":"wp","href":"https:\/\/api.w.org\/{rel}","templated":true}]}}