{"id":2160,"date":"2013-04-09T10:26:33","date_gmt":"2013-04-09T15:26:33","guid":{"rendered":"https:\/\/radiowebmx.com\/nota\/?p=2160"},"modified":"2013-04-09T10:26:33","modified_gmt":"2013-04-09T15:26:33","slug":"alista-cobaem-la-xxix-jornada-academica-cultural-y-deportiva","status":"publish","type":"post","link":"https:\/\/radiowebmx.com\/nota\/alista-cobaem-la-xxix-jornada-academica-cultural-y-deportiva\/","title":{"rendered":"ALISTA COBAEM LA XXIX JORNADA ACAD\u00c9MICA, CULTURAL Y DEPORTIVA"},"content":{"rendered":"<p><a href=\"https:\/\/radiowebmx.com\/nota\/wp-content\/uploads\/2013\/04\/IMG_0132.jpg\"><img loading=\"lazy\" decoding=\"async\" class=\"alignleft size-full wp-image-2161\" title=\"IMG_0132\" src=\"https:\/\/radiowebmx.com\/nota\/wp-content\/uploads\/2013\/04\/IMG_0132.jpg\" alt=\"\" width=\"591\" height=\"405\" \/><\/a>Durante los d\u00edas 29, 30 y 31 de mayo del presente a\u00f1o, el Colegio de Bachilleres del estado de Michoac\u00e1n (COBAEM), llevar\u00e1 a cabo la edici\u00f3n n\u00famero XXIX de la Jornada Acad\u00e9mica, Cultural y Deportiva 2013 a desarrollarse en la capital michoacana.<\/p>\n<p>&nbsp;<\/p>\n<p>Mario Maga\u00f1a Ju\u00e1rez, director general del subsistema educativo, inform\u00f3 que los trabajos correspondientes a la Jornada se han venido preparando pr\u00e1cticamente desde el inicio del ciclo escolar, y representa para los alumnos y docentes una fiesta acad\u00e9mica en la que los estudiantes m\u00e1s destacados hacen gala de sus habilidades y destrezas, y compiten por obtener las representaciones en concursos y olimpiadas acad\u00e9micas de nivel nacional e internacional.<\/p>\n<p>&nbsp;<\/p>\n<p>Asimismo, coment\u00f3 que el encuentro estatal representa un escaparate de las fortalezas de la instituci\u00f3n, en materia de educaci\u00f3n integral a trav\u00e9s de<strong> <\/strong>encuentros con los mejores exponentes de la cultura, el arte, el deporte y competencias acad\u00e9micas.<\/p>\n<p>&nbsp;<\/p>\n<p>El prop\u00f3sito es fortalecer el desarrollo integral de los j\u00f3venes bachilleres y encausar sus potencialidades hacia niveles competitivos que les permitan afianzar desde esta etapa de su vida, liderazgos.<\/p>\n<p>&nbsp;<\/p>\n<p>Tambi\u00e9n se busca fomentar la sana convivencia entre los estudiantes, adem\u00e1s de mostrar a la sociedad en general los conocimientos, habilidades y destrezas en las diferentes disciplinas acad\u00e9micas, culturales y deportivas que adquieren los alumnos durante su proceso mentor en este colegio.<\/p>\n<p>&nbsp;<\/p>\n<p>Entre las actividades se aplican ex\u00e1menes de conocimiento, an\u00e1lisis de temas de desarrollo interdisciplinario, concursos de oratoria, pintura, teatro, danza, baile regional, canto individual y por grupo, Certamen Se\u00f1orita Bachilleres, encuentros de rondalla, futbol varonil y femenil, volibol varonil y femenil, atletismo, concursos de bandas de guerra, entre otros.<\/p>\n<p>&nbsp;<\/p>\n<p>Para tal efecto, m\u00e1s de 2 centenares de estudiantes provenientes de las diversas regiones del estado, apoyados por 300 docentes, administrativos y directivos se concentran en la ciudad de Morelia para dar muestra de los resultados alcanzados en su educaci\u00f3n.<\/p>\n<p>&nbsp;<\/p>\n<p>Agreg\u00f3 que la principal fortaleza del COBAEM es y seguir\u00e1 siendo su calidad acad\u00e9mica, y su alto nivel que lo coloca en el primer lugar en Michoac\u00e1n, en cuanto a eficiencia terminal; por lo que desde la direcci\u00f3n general se apoyar\u00e1 con todos los recursos disponibles para el desarrollo de las jornadas.<\/p>\n<p>&nbsp;<\/p>\n<p>Maga\u00f1a Ju\u00e1rez, enfatiz\u00f3 que el COBAEM<strong> <\/strong>seguir\u00e1 promoviendo y apoyando la participaci\u00f3n de los alumnos sobresalientes en las olimpiadas del conocimiento organizadas por diferentes instituciones de educaci\u00f3n superior, en las que a\u00f1o con a\u00f1o alumnos de esta instituci\u00f3n han obtenido honrosos reconocimientos en base a resultados; es el caso del alumno An\u00edbal Cid Gaona Bedolla del Plantel San \u00c1ngel Zurumucapio, quien obtuvo la medalla de bronce en la 26 Olimpiada Nacional de Matem\u00e1ticas 2012, realizada en Guanajuato.<\/p>\n<p>&nbsp;<\/p>\n<p>Otra distinci\u00f3n es la obtenida por el alumno Eduardo Cuevas Torres del Plantel Apatzing\u00e1n, quien form\u00f3 parte de la delegaci\u00f3n de Michoac\u00e1n que particip\u00f3 en la olimpiada Nacional de F\u00edsica realizada en la ciudad de M\u00e9rida, Yucat\u00e1n.<\/p>\n<p>&nbsp;<\/p>\n<p>Mientras que el plantel Gabriel Zamora obtuvo un reconocimiento a trav\u00e9s de los alumnos Sandra Gizethd Estrada Garc\u00eda, Carlos Antonio Rodr\u00edguez Estrada y Agustina Ruby Estrada Garc\u00eda, quienes participaron con el proyecto \u201cMagno Soursop del \u00e1rea de medicina y salud\u201d.<\/p>\n","protected":false},"excerpt":{"rendered":"<p>Durante los d\u00edas 29, 30 y 31 de mayo del presente a\u00f1o, el Colegio de Bachilleres del estado de Michoac\u00e1n (COBAEM), llevar\u00e1 a cabo la edici\u00f3n n\u00famero XXIX de la Jornada Acad\u00e9mica, Cultural y Deportiva 2013 a desarrollarse en la capital michoacana.<\/p>\n","protected":false},"author":1,"featured_media":0,"comment_status":"open","ping_status":"open","sticky":false,"template":"","format":"standard","meta":{"footnotes":""},"categories":[14,3],"tags":[],"class_list":["post-2160","post","type-post","status-publish","format-standard","hentry","category-destacadas","category-gobierno-del-estado-de-michoacan"],"_links":{"self":[{"href":"https:\/\/radiowebmx.com\/nota\/wp-json\/wp\/v2\/posts\/2160","targetHints":{"allow":["GET"]}}],"collection":[{"href":"https:\/\/radiowebmx.com\/nota\/wp-json\/wp\/v2\/posts"}],"about":[{"href":"https:\/\/radiowebmx.com\/nota\/wp-json\/wp\/v2\/types\/post"}],"author":[{"embeddable":true,"href":"https:\/\/radiowebmx.com\/nota\/wp-json\/wp\/v2\/users\/1"}],"replies":[{"embeddable":true,"href":"https:\/\/radiowebmx.com\/nota\/wp-json\/wp\/v2\/comments?post=2160"}],"version-history":[{"count":1,"href":"https:\/\/radiowebmx.com\/nota\/wp-json\/wp\/v2\/posts\/2160\/revisions"}],"predecessor-version":[{"id":2162,"href":"https:\/\/radiowebmx.com\/nota\/wp-json\/wp\/v2\/posts\/2160\/revisions\/2162"}],"wp:attachment":[{"href":"https:\/\/radiowebmx.com\/nota\/wp-json\/wp\/v2\/media?parent=2160"}],"wp:term":[{"taxonomy":"category","embeddable":true,"href":"https:\/\/radiowebmx.com\/nota\/wp-json\/wp\/v2\/categories?post=2160"},{"taxonomy":"post_tag","embeddable":true,"href":"https:\/\/radiowebmx.com\/nota\/wp-json\/wp\/v2\/tags?post=2160"}],"curies":[{"name":"wp","href":"https:\/\/api.w.org\/{rel}","templated":true}]}}