{"id":21588,"date":"2016-02-19T10:46:17","date_gmt":"2016-02-19T16:46:17","guid":{"rendered":"https:\/\/radiowebmx.com\/nota\/?p=21588"},"modified":"2016-02-19T10:46:17","modified_gmt":"2016-02-19T16:46:17","slug":"analizan-acciones-para-la-proteccion-de-la-fauna-de-michoacan","status":"publish","type":"post","link":"https:\/\/radiowebmx.com\/nota\/analizan-acciones-para-la-proteccion-de-la-fauna-de-michoacan\/","title":{"rendered":"Analizan acciones para la protecci\u00f3n de la fauna de Michoac\u00e1n"},"content":{"rendered":"<figure id=\"attachment_21589\" aria-describedby=\"caption-attachment-21589\" style=\"width: 591px\" class=\"wp-caption alignleft\"><a href=\"https:\/\/radiowebmx.com\/nota\/wp-content\/uploads\/2016\/02\/55968222-56bf-4344-bf63-f7da084ec533.jpg\"><img loading=\"lazy\" decoding=\"async\" class=\"size-full wp-image-21589\" src=\"https:\/\/radiowebmx.com\/nota\/wp-content\/uploads\/2016\/02\/55968222-56bf-4344-bf63-f7da084ec533.jpg\" alt=\"SONY DSC\" width=\"591\" height=\"333\" srcset=\"https:\/\/radiowebmx.com\/nota\/wp-content\/uploads\/2016\/02\/55968222-56bf-4344-bf63-f7da084ec533.jpg 591w, https:\/\/radiowebmx.com\/nota\/wp-content\/uploads\/2016\/02\/55968222-56bf-4344-bf63-f7da084ec533-300x169.jpg 300w, https:\/\/radiowebmx.com\/nota\/wp-content\/uploads\/2016\/02\/55968222-56bf-4344-bf63-f7da084ec533-128x72.jpg 128w\" sizes=\"auto, (max-width: 591px) 100vw, 591px\" \/><\/a><figcaption id=\"caption-attachment-21589\" class=\"wp-caption-text\">SONY DSC<\/figcaption><\/figure>\n<p>Como parte de las tareas del Gobierno del Estado para la protecci\u00f3n y conservaci\u00f3n de los recursos naturales y faun\u00edsticos de Michoac\u00e1n, se pusieron en marcha los trabajos del Comit\u00e9 T\u00e9cnico de Vida Silvestre para este 2016; en la primera sesi\u00f3n ordinaria, se hizo hincapi\u00e9 en dise\u00f1ar estrategias para la conservaci\u00f3n de la fauna ante la importancia que este sector tiene para la entidad en los aspectos social, econ\u00f3mico y productivo.<\/p>\n<p>La reuni\u00f3n fue encabezada por el secretario de Medio Ambiente, Recursos Naturales y Cambio Clim\u00e1tico, Ricardo Luna Garc\u00eda y por el director general de la Comisi\u00f3n Forestal, Roberto P\u00e9rez Medrano, quienes recalcaron el compromiso del gobierno que encabeza el mandatario Silvano Aureoles Conejo, en torno a la protecci\u00f3n y sustentabilidad de la vida silvestre.<\/p>\n<p>En ese tenor, Ricardo Luna indic\u00f3 que con respeto al h\u00e1bitat natural y para la seguridad de los visitantes de la zona, la administraci\u00f3n estatal est\u00e1 por implementar un Programa de Protecci\u00f3n en la Laguna Costera El Caim\u00e1n, en el municipio de L\u00e1zaro C\u00e1rdenas, donde se tiene una alta poblaci\u00f3n de cocodrilos.<\/p>\n<p>Cabe se\u00f1alar que este sitio es un ecosistema complejo dominado principalmente por distintas especies de mangle, que constituyen un h\u00e1bitat importante para un gran n\u00famero de mam\u00edferos, peces, aves, insectos, anfibios y reptiles.<\/p>\n<p>Por su parte, el titular de la Cofom, Roberto P\u00e9rez, resalt\u00f3 la importancia de Michoac\u00e1n como un estado con amplia biodiversidad, situaci\u00f3n que lo ubica en los primeros lugares a nivel nacional por este concepto.<\/p>\n<p>Agreg\u00f3 que es necesario dise\u00f1ar estrategias para la vida silvestre, puesto que en la entidad un total de 470 mil hect\u00e1reas forman parte de 516 Unidades de Manejo para la Vida Silvestre.<\/p>\n<p>Empero, dijo, uno de los problemas que se enfrentan para lograr la conservaci\u00f3n de la flora y fauna es el incremento en la tasa de deforestaci\u00f3n, aspecto que lesiona y da\u00f1a el h\u00e1bitat de las poblaciones.<\/p>\n<p>Durante la reuni\u00f3n a la que asistieron representantes de instituciones y organizaciones que integran este Comit\u00e9, se traz\u00f3 la ruta de los trabajos que se emprender\u00e1n durante este a\u00f1o, entre los que destacan la realizaci\u00f3n de foros para la protecci\u00f3n de la Iguana y Venado Cola Blanca.<\/p>\n","protected":false},"excerpt":{"rendered":"<p>Como parte de las tareas del Gobierno del Estado para la protecci\u00f3n y conservaci\u00f3n de los recursos naturales y faun\u00edsticos de Michoac\u00e1n,<\/p>\n","protected":false},"author":1,"featured_media":21589,"comment_status":"open","ping_status":"open","sticky":false,"template":"","format":"standard","meta":{"footnotes":""},"categories":[14,3],"tags":[],"class_list":["post-21588","post","type-post","status-publish","format-standard","has-post-thumbnail","hentry","category-destacadas","category-gobierno-del-estado-de-michoacan"],"_links":{"self":[{"href":"https:\/\/radiowebmx.com\/nota\/wp-json\/wp\/v2\/posts\/21588","targetHints":{"allow":["GET"]}}],"collection":[{"href":"https:\/\/radiowebmx.com\/nota\/wp-json\/wp\/v2\/posts"}],"about":[{"href":"https:\/\/radiowebmx.com\/nota\/wp-json\/wp\/v2\/types\/post"}],"author":[{"embeddable":true,"href":"https:\/\/radiowebmx.com\/nota\/wp-json\/wp\/v2\/users\/1"}],"replies":[{"embeddable":true,"href":"https:\/\/radiowebmx.com\/nota\/wp-json\/wp\/v2\/comments?post=21588"}],"version-history":[{"count":1,"href":"https:\/\/radiowebmx.com\/nota\/wp-json\/wp\/v2\/posts\/21588\/revisions"}],"predecessor-version":[{"id":21590,"href":"https:\/\/radiowebmx.com\/nota\/wp-json\/wp\/v2\/posts\/21588\/revisions\/21590"}],"wp:featuredmedia":[{"embeddable":true,"href":"https:\/\/radiowebmx.com\/nota\/wp-json\/wp\/v2\/media\/21589"}],"wp:attachment":[{"href":"https:\/\/radiowebmx.com\/nota\/wp-json\/wp\/v2\/media?parent=21588"}],"wp:term":[{"taxonomy":"category","embeddable":true,"href":"https:\/\/radiowebmx.com\/nota\/wp-json\/wp\/v2\/categories?post=21588"},{"taxonomy":"post_tag","embeddable":true,"href":"https:\/\/radiowebmx.com\/nota\/wp-json\/wp\/v2\/tags?post=21588"}],"curies":[{"name":"wp","href":"https:\/\/api.w.org\/{rel}","templated":true}]}}