{"id":21575,"date":"2016-02-18T12:24:45","date_gmt":"2016-02-18T18:24:45","guid":{"rendered":"https:\/\/radiowebmx.com\/nota\/?p=21575"},"modified":"2016-02-18T12:24:45","modified_gmt":"2016-02-18T18:24:45","slug":"morelia-limpia-tras-recorrido-del-papa","status":"publish","type":"post","link":"https:\/\/radiowebmx.com\/nota\/morelia-limpia-tras-recorrido-del-papa\/","title":{"rendered":"Morelia, limpia tras recorrido del Papa"},"content":{"rendered":"<p><a href=\"https:\/\/radiowebmx.com\/nota\/wp-content\/uploads\/2016\/02\/f0f8e8da-9768-4667-a220-aeea8026e568.jpg\"><img loading=\"lazy\" decoding=\"async\" class=\"alignleft size-full wp-image-21576\" src=\"https:\/\/radiowebmx.com\/nota\/wp-content\/uploads\/2016\/02\/f0f8e8da-9768-4667-a220-aeea8026e568.jpg\" alt=\"f0f8e8da-9768-4667-a220-aeea8026e568\" width=\"591\" height=\"240\" srcset=\"https:\/\/radiowebmx.com\/nota\/wp-content\/uploads\/2016\/02\/f0f8e8da-9768-4667-a220-aeea8026e568.jpg 591w, https:\/\/radiowebmx.com\/nota\/wp-content\/uploads\/2016\/02\/f0f8e8da-9768-4667-a220-aeea8026e568-300x122.jpg 300w\" sizes=\"auto, (max-width: 591px) 100vw, 591px\" \/><\/a>Tras la intensa jornada de trabajo que realiz\u00f3 este martes personal de la Secretar\u00eda de Servicios P\u00fablicos con motivo de la Visita del Papa a la ciudad, Morelia luce limpia en las zonas que incluy\u00f3 el recorrido del Jerarca Cat\u00f3lico, afirm\u00f3 el titular de esta dependencia municipal, Jos\u00e9 Luis Gil V\u00e1zquez.<\/p>\n<p>El funcionario municipal, refiri\u00f3 que desde temprana hora y una vez que el Arzobispo de Roma realiz\u00f3 su recorrido por distintos puntos de la capital del estado, m\u00e1s de 500 empleados tanto del Sindicato de Limpia y Transporte como personal de confianza y eventual, llevaron a cabo el retiro de desechos s\u00f3lidos y la limpia por las calles de la ciudad.<\/p>\n<p>\u201cComo lo ha instruido el Presidente Municipal Alfonso Mart\u00ednez Alc\u00e1zar, de manera inmediata y oportuna, los trabajadores respondieron al llamado e hicieron lo propio para conservar la imagen urbana de nuestro municipio y dejarla libre de basura. Gracias a estas jornadas, la capital del estado amaneci\u00f3 limpia\u201d, resalt\u00f3.<\/p>\n<p>Gil V\u00e1zquez inform\u00f3 que en total de recolectaron 750 toneladas de basura en el trayecto de la ruta papal, es decir, desde Ciudad Industrial, Salida Charo, en las inmediaciones del Venustiano Carranza, en el Centro Hist\u00f3rico, y hasta los alrededores del Estadio Morelos.<\/p>\n<p>Asimismo, indic\u00f3 que personal de esta dependencia realiz\u00f3 tambi\u00e9n los trabajos de limpieza en el campamento habilitado en la Unidad Deportiva Cuauht\u00e9moc, donde se reunieron cerca de 55 toneladas de residuos s\u00f3lidos.<\/p>\n<p>En este marco, el Secretario de Servicios P\u00fablicos, invit\u00f3 a los morelianos y visitantes a mantener limpio el municipio, ya que agreg\u00f3 \u201cuna ciudad limpia no es la que m\u00e1s se barre, sino la que menos se ensucia\u201d.<\/p>\n<p>\u201cLa participaci\u00f3n ciudadana es fundamental para conservar a Morelia en buen estado y atractiva para los turistas. Por ello, es importante que sociedad y gobierno trabajemos de la mano para que nuestra ciudad contin\u00fae como una de las m\u00e1s limpias del pa\u00eds\u201d, se\u00f1al\u00f3.<\/p>\n","protected":false},"excerpt":{"rendered":"<p>Tras la intensa jornada de trabajo que realiz\u00f3 este martes personal de la Secretar\u00eda de Servicios P\u00fablicos con motivo de la Visita del Papa a la ciudad, Morelia luce limpia en las zonas que incluy\u00f3 el recorrido del Jerarca Cat\u00f3lico, <\/p>\n","protected":false},"author":1,"featured_media":21576,"comment_status":"open","ping_status":"open","sticky":false,"template":"","format":"standard","meta":{"footnotes":""},"categories":[14,9],"tags":[],"class_list":["post-21575","post","type-post","status-publish","format-standard","has-post-thumbnail","hentry","category-destacadas","category-morelia"],"_links":{"self":[{"href":"https:\/\/radiowebmx.com\/nota\/wp-json\/wp\/v2\/posts\/21575","targetHints":{"allow":["GET"]}}],"collection":[{"href":"https:\/\/radiowebmx.com\/nota\/wp-json\/wp\/v2\/posts"}],"about":[{"href":"https:\/\/radiowebmx.com\/nota\/wp-json\/wp\/v2\/types\/post"}],"author":[{"embeddable":true,"href":"https:\/\/radiowebmx.com\/nota\/wp-json\/wp\/v2\/users\/1"}],"replies":[{"embeddable":true,"href":"https:\/\/radiowebmx.com\/nota\/wp-json\/wp\/v2\/comments?post=21575"}],"version-history":[{"count":1,"href":"https:\/\/radiowebmx.com\/nota\/wp-json\/wp\/v2\/posts\/21575\/revisions"}],"predecessor-version":[{"id":21577,"href":"https:\/\/radiowebmx.com\/nota\/wp-json\/wp\/v2\/posts\/21575\/revisions\/21577"}],"wp:featuredmedia":[{"embeddable":true,"href":"https:\/\/radiowebmx.com\/nota\/wp-json\/wp\/v2\/media\/21576"}],"wp:attachment":[{"href":"https:\/\/radiowebmx.com\/nota\/wp-json\/wp\/v2\/media?parent=21575"}],"wp:term":[{"taxonomy":"category","embeddable":true,"href":"https:\/\/radiowebmx.com\/nota\/wp-json\/wp\/v2\/categories?post=21575"},{"taxonomy":"post_tag","embeddable":true,"href":"https:\/\/radiowebmx.com\/nota\/wp-json\/wp\/v2\/tags?post=21575"}],"curies":[{"name":"wp","href":"https:\/\/api.w.org\/{rel}","templated":true}]}}