{"id":21572,"date":"2016-02-18T12:21:45","date_gmt":"2016-02-18T18:21:45","guid":{"rendered":"https:\/\/radiowebmx.com\/nota\/?p=21572"},"modified":"2016-02-18T12:21:45","modified_gmt":"2016-02-18T18:21:45","slug":"participa-gobernador-en-reunion-de-segob-y-antorcha-campesina","status":"publish","type":"post","link":"https:\/\/radiowebmx.com\/nota\/participa-gobernador-en-reunion-de-segob-y-antorcha-campesina\/","title":{"rendered":"Participa Gobernador en reuni\u00f3n de Segob y Antorcha Campesina"},"content":{"rendered":"<p><a href=\"https:\/\/radiowebmx.com\/nota\/wp-content\/uploads\/2016\/02\/658a543c-4ccd-4e08-beb9-598c9e598755-1.jpg\"><img loading=\"lazy\" decoding=\"async\" class=\"alignleft size-full wp-image-21573\" src=\"https:\/\/radiowebmx.com\/nota\/wp-content\/uploads\/2016\/02\/658a543c-4ccd-4e08-beb9-598c9e598755-1.jpg\" alt=\"658a543c-4ccd-4e08-beb9-598c9e598755 (1)\" width=\"591\" height=\"304\" srcset=\"https:\/\/radiowebmx.com\/nota\/wp-content\/uploads\/2016\/02\/658a543c-4ccd-4e08-beb9-598c9e598755-1.jpg 591w, https:\/\/radiowebmx.com\/nota\/wp-content\/uploads\/2016\/02\/658a543c-4ccd-4e08-beb9-598c9e598755-1-300x154.jpg 300w\" sizes=\"auto, (max-width: 591px) 100vw, 591px\" \/><\/a>El Gobernador de Michoac\u00e1n, Silvano Aureoles Conejo, cumpli\u00f3 con su encomienda de concretar un encuentro entre la Secretar\u00eda de Gobernaci\u00f3n y dirigentes del Movimiento Antorcha Campesina, con el fin de revisar el avance de diversas gestiones en el estado.<\/p>\n<p>En esta reuni\u00f3n que se llev\u00f3 a cabo en las instalaciones de la Secretar\u00eda de Gobernaci\u00f3n federal, estuvieron presentes el subsecretario de Gobernaci\u00f3n, Luis Enrique Miranda Nava, as\u00ed como el subsecretario de Gobernaci\u00f3n de Michoac\u00e1n, Armando Hurtado Ar\u00e9valo.<\/p>\n<p>Al respecto, el Gobernador Silvano Aureoles destac\u00f3 que de su parte &#8220;hay todo el \u00e1nimo, voluntad y disposici\u00f3n para lograr que se concreten diversos proyectos productivos y gestiones pendientes que hay con este movimiento&#8221;.<\/p>\n<p>Este encuentro se llev\u00f3 a cabo de manera cordial entre autoridades y miembros del movimiento social.<\/p>\n<p>Adem\u00e1s, los dirigentes de Antorcha, Omar Carre\u00f3n Abud y Homero Aguirre Enr\u00edquez, destacaron el papel del Gobernador Aureoles Conejo como gestor e impulsor de soluciones para Michoac\u00e1n.<\/p>\n","protected":false},"excerpt":{"rendered":"<p>El Gobernador de Michoac\u00e1n, Silvano Aureoles Conejo, cumpli\u00f3 con su encomienda de concretar un encuentro entre la Secretar\u00eda de Gobernaci\u00f3n y dirigentes del Movimiento Antorcha Campesina, con el fin de revisar el avance de diversas gestiones en el estado.<\/p>\n","protected":false},"author":1,"featured_media":21573,"comment_status":"open","ping_status":"open","sticky":false,"template":"","format":"standard","meta":{"footnotes":""},"categories":[14,3],"tags":[],"class_list":["post-21572","post","type-post","status-publish","format-standard","has-post-thumbnail","hentry","category-destacadas","category-gobierno-del-estado-de-michoacan"],"_links":{"self":[{"href":"https:\/\/radiowebmx.com\/nota\/wp-json\/wp\/v2\/posts\/21572","targetHints":{"allow":["GET"]}}],"collection":[{"href":"https:\/\/radiowebmx.com\/nota\/wp-json\/wp\/v2\/posts"}],"about":[{"href":"https:\/\/radiowebmx.com\/nota\/wp-json\/wp\/v2\/types\/post"}],"author":[{"embeddable":true,"href":"https:\/\/radiowebmx.com\/nota\/wp-json\/wp\/v2\/users\/1"}],"replies":[{"embeddable":true,"href":"https:\/\/radiowebmx.com\/nota\/wp-json\/wp\/v2\/comments?post=21572"}],"version-history":[{"count":1,"href":"https:\/\/radiowebmx.com\/nota\/wp-json\/wp\/v2\/posts\/21572\/revisions"}],"predecessor-version":[{"id":21574,"href":"https:\/\/radiowebmx.com\/nota\/wp-json\/wp\/v2\/posts\/21572\/revisions\/21574"}],"wp:featuredmedia":[{"embeddable":true,"href":"https:\/\/radiowebmx.com\/nota\/wp-json\/wp\/v2\/media\/21573"}],"wp:attachment":[{"href":"https:\/\/radiowebmx.com\/nota\/wp-json\/wp\/v2\/media?parent=21572"}],"wp:term":[{"taxonomy":"category","embeddable":true,"href":"https:\/\/radiowebmx.com\/nota\/wp-json\/wp\/v2\/categories?post=21572"},{"taxonomy":"post_tag","embeddable":true,"href":"https:\/\/radiowebmx.com\/nota\/wp-json\/wp\/v2\/tags?post=21572"}],"curies":[{"name":"wp","href":"https:\/\/api.w.org\/{rel}","templated":true}]}}