{"id":21493,"date":"2016-02-12T17:57:31","date_gmt":"2016-02-12T23:57:31","guid":{"rendered":"https:\/\/radiowebmx.com\/nota\/?p=21493"},"modified":"2016-02-12T17:57:31","modified_gmt":"2016-02-12T23:57:31","slug":"desplegara-pc-estatal-operativo-estrategico-para-la-visita-del-papa","status":"publish","type":"post","link":"https:\/\/radiowebmx.com\/nota\/desplegara-pc-estatal-operativo-estrategico-para-la-visita-del-papa\/","title":{"rendered":"Desplegar\u00e1 PC estatal operativo estrat\u00e9gico para la visita del Papa"},"content":{"rendered":"<p><a href=\"https:\/\/radiowebmx.com\/nota\/wp-content\/uploads\/2016\/02\/fe2464e6-d279-4303-8556-d02308fb417a.jpg\"><img loading=\"lazy\" decoding=\"async\" class=\"alignleft size-full wp-image-21494\" src=\"https:\/\/radiowebmx.com\/nota\/wp-content\/uploads\/2016\/02\/fe2464e6-d279-4303-8556-d02308fb417a.jpg\" alt=\"fe2464e6-d279-4303-8556-d02308fb417a\" width=\"591\" height=\"275\" srcset=\"https:\/\/radiowebmx.com\/nota\/wp-content\/uploads\/2016\/02\/fe2464e6-d279-4303-8556-d02308fb417a.jpg 591w, https:\/\/radiowebmx.com\/nota\/wp-content\/uploads\/2016\/02\/fe2464e6-d279-4303-8556-d02308fb417a-300x140.jpg 300w\" sizes=\"auto, (max-width: 591px) 100vw, 591px\" \/><\/a>La Coordinaci\u00f3n Estatal de Protecci\u00f3n Civil, a cargo de la Secretar\u00eda de Gobierno, est\u00e1 lista para atender cualquier contingencia en la entidad y, en particular, en Morelia durante la visita del Papa Francisco.<\/p>\n<p>Desde meses atr\u00e1s, por instrucciones del secretario de Gobierno, Adri\u00e1n L\u00f3pez Sol\u00eds, la Coordinaci\u00f3n a cargo de Pedro Carlos Mandujano V\u00e1zquez, ha desplegado un plan estrat\u00e9gico para atender, de manera coordinada con las dem\u00e1s autoridades, las necesidades y requerimientos para garantizar que las actividades del pr\u00f3ximo martes se desarrollen en condiciones \u00f3ptimas.<\/p>\n<p>Para atender la salud de los asistentes y las emergencias que se puedan registrar durante el recorrido del Papa y los actos que encabezar\u00e1, se ha dispuesto un Operativo de Protecci\u00f3n Civil que comprende 750 elementos desplegados; tres puestos de Mando en el Centro Hist\u00f3rico y los estadios Morelos y Venustiano Carranza.<\/p>\n<p>Adem\u00e1s, se instalar\u00e1n 26 puestos de socorro a lo largo de la Ruta Papal, los cuales se integrar\u00e1n por dos param\u00e9dicos y un bombero, equipados con un botiqu\u00edn t\u00e1ctico, un botiqu\u00edn de trauma y un extintor.<\/p>\n<p>Se contar\u00e1 en total con 97 ambulancias, mismas que se ubicar\u00e1n tanto en las inmediaciones del Aeropuerto de Morelia, los estadios Venustiano Carranza y Morelos, y la Catedral de Morelia. De ese total, cuatro ambulancias ser\u00e1n de urgencias b\u00e1sicas, cuatro de urgencias avanzadas y 89 de ubicaci\u00f3n estrat\u00e9gica sobre el recorrido.<\/p>\n<p>Asimismo, estar\u00e1n disponibles 12 Camiones de Operaciones contra incendios, proporcionados por distintos cuerpos de bomberos.<\/p>\n<p>Aunado a lo anterior, en los meses de diciembre, enero y los primeros d\u00edas de febrero se han realizado diversas tareas, entre ellas inspecci\u00f3n de diversos negocios de alto, mediano y bajo riesgo sobre la ruta; solicitud de programas internos y espec\u00edficos de Protecci\u00f3n Civil de las cuatro sedes, y monitoreo de niveles de explosividad en alcantarillas.<\/p>\n<p>De igual manera, en trabajo coordinado con otras entidades de la Rep\u00fablica, a trav\u00e9s de la Secretar\u00eda de Gobierno se logr\u00f3 que el Estado de M\u00e9xico facilite una ambulancia a\u00e9rea del Grupo Rel\u00e1mpago, que ayudar\u00e1 en las labores del 16 de febrero.<\/p>\n<p>Los estados de Colima, Jalisco, Guanajuato y Quer\u00e9taro facilitar\u00e1n cada uno un equipo de alta especialidad en atenci\u00f3n de contingencias. Cada equipo se integra por 10 o 12 personas especialistas en atenci\u00f3n de emergencias y una ambulancia especializada.<\/p>\n<p>Por \u00faltimo, cabe destacar que la Coordinaci\u00f3n Estatal de Protecci\u00f3n Civil estatal ha implementado de manera coordinada la difusi\u00f3n de recomendaciones a fin de que quienes asistan a los eventos y recorridos cuenten con las previsiones correspondientes.<\/p>\n","protected":false},"excerpt":{"rendered":"<p>La Coordinaci\u00f3n Estatal de Protecci\u00f3n Civil, a cargo de la Secretar\u00eda de Gobierno, est\u00e1 lista para atender cualquier contingencia en la entidad y, en particular, en Morelia durante la visita del Papa Francisco.<\/p>\n","protected":false},"author":1,"featured_media":21494,"comment_status":"open","ping_status":"open","sticky":false,"template":"","format":"standard","meta":{"footnotes":""},"categories":[14,3],"tags":[],"class_list":["post-21493","post","type-post","status-publish","format-standard","has-post-thumbnail","hentry","category-destacadas","category-gobierno-del-estado-de-michoacan"],"_links":{"self":[{"href":"https:\/\/radiowebmx.com\/nota\/wp-json\/wp\/v2\/posts\/21493","targetHints":{"allow":["GET"]}}],"collection":[{"href":"https:\/\/radiowebmx.com\/nota\/wp-json\/wp\/v2\/posts"}],"about":[{"href":"https:\/\/radiowebmx.com\/nota\/wp-json\/wp\/v2\/types\/post"}],"author":[{"embeddable":true,"href":"https:\/\/radiowebmx.com\/nota\/wp-json\/wp\/v2\/users\/1"}],"replies":[{"embeddable":true,"href":"https:\/\/radiowebmx.com\/nota\/wp-json\/wp\/v2\/comments?post=21493"}],"version-history":[{"count":1,"href":"https:\/\/radiowebmx.com\/nota\/wp-json\/wp\/v2\/posts\/21493\/revisions"}],"predecessor-version":[{"id":21495,"href":"https:\/\/radiowebmx.com\/nota\/wp-json\/wp\/v2\/posts\/21493\/revisions\/21495"}],"wp:featuredmedia":[{"embeddable":true,"href":"https:\/\/radiowebmx.com\/nota\/wp-json\/wp\/v2\/media\/21494"}],"wp:attachment":[{"href":"https:\/\/radiowebmx.com\/nota\/wp-json\/wp\/v2\/media?parent=21493"}],"wp:term":[{"taxonomy":"category","embeddable":true,"href":"https:\/\/radiowebmx.com\/nota\/wp-json\/wp\/v2\/categories?post=21493"},{"taxonomy":"post_tag","embeddable":true,"href":"https:\/\/radiowebmx.com\/nota\/wp-json\/wp\/v2\/tags?post=21493"}],"curies":[{"name":"wp","href":"https:\/\/api.w.org\/{rel}","templated":true}]}}