{"id":21483,"date":"2016-02-12T16:36:37","date_gmt":"2016-02-12T22:36:37","guid":{"rendered":"https:\/\/radiowebmx.com\/nota\/?p=21483"},"modified":"2016-02-12T16:36:37","modified_gmt":"2016-02-12T22:36:37","slug":"morelia-escenario-perfecto-para-resaltar-los-pueblos-magicos-del-michoacan-alfonso-martinez","status":"publish","type":"post","link":"https:\/\/radiowebmx.com\/nota\/morelia-escenario-perfecto-para-resaltar-los-pueblos-magicos-del-michoacan-alfonso-martinez\/","title":{"rendered":"Morelia, escenario perfecto para resaltar los Pueblos M\u00e1gicos del Michoac\u00e1n: Alfonso Mart\u00ednez"},"content":{"rendered":"<p>Morelia es el escenario perfecto para que la ciudadan\u00eda conozca los 8 Pueblos M\u00e1gicos con los que cuenta Michoac\u00e1n y de esta manera propagar la informaci\u00f3n para generar turismo, no s\u00f3lo a nivel estatal sino a nivel local, esto debido a que la capital del estado es el centro en donde se concentra la mayor cantidad de turismo, as\u00ed lo se\u00f1al\u00f3 el Presidente Municipal, Alfonso Mart\u00ednez Alc\u00e1zar al acudir a la inauguraci\u00f3n del Primer Festival de Pueblos M\u00e1gico 2016.<\/p>\n<p>Durante su mensaje de bienvenida a sus hom\u00f3logos de los municipios de Angangueo, Jiquilpan, Cuitzeo, P\u00e1tzcuaro, Santa Clara del Cobre, Tac\u00e1mbaro, Tlalpujahua, Tzintzuntzan, as\u00ed como del Gobernador del Estado, Silvano Aureoles Conejo, la secretar\u00eda de Turismo, Liliana L\u00f3pez Buenrostro, la diputada Alama Mireya Gonz\u00e1lez, presidenta de la Comisi\u00f3n de Turismo en el Congreso del Estado, Mart\u00ednez Alc\u00e1zar resalt\u00f3 que hoy Morelia m\u00e1s que nunca debe mostrar su mejor cara ante la llegada del Papa Francisco el pr\u00f3ximo 16 de febrero, por lo que est\u00e1 es una buena oportunidad para que se den a conocer las maravillas de estos 8 municipios.<\/p>\n<p>En este sentido, Alfonso Mart\u00ednez subray\u00f3 que a pesar de que Morelia no es un Pueblo M\u00e1gico, si es una Ciudad Patrimonio Cultura de la Humanidad, por lo que el hecho de que esta primera feria se desarrolle en la Ciudad de la Cantera Rosa abre las puertas para que la riqueza arquitect\u00f3nica, gastron\u00f3mica, cultura y sobre todo la calidez de la gente de cada uno de los ochos pueblos se promueva a nivel nacional.<\/p>\n<p>\u201cPara nosotros en Morelia es un gran honor\u00a0 y un orgullo ser sede de este maravilloso evento de Pueblos M\u00e1gicos, lo importante es que se conozcan y que se pueda propagar esa informaci\u00f3n de los maravilloso que es cada uno de ellos\u201d, enfatiz\u00f3 el Presidente Municipal.<\/p>\n<p>Mart\u00ednez Alc\u00e1zar, subray\u00f3 que al igual que los municipios Pueblos M\u00e1gicos, Morelia tambi\u00e9n est\u00e1 en la lucha de mejorar su capacidad tur\u00edstica y de lograr que esta repunte para generar con ello una derrama econ\u00f3mica que permita la generaci\u00f3n de empleos y la situaci\u00f3n econ\u00f3mica de la ciudad.<\/p>\n<p>Coment\u00f3 que es de vital importancia que se genere el turismo en Morelia generando la confianza para que los turistas se acerquen a Morelia para demostrar a todo el pa\u00eds y al mundo entero lo maravilloso que es esta capital.<\/p>\n<p>Cabe resaltar que el municipio est\u00e1 buscando la posibilidad de que la Tenencia de Capula sea la primera tenencia M\u00e1gica, para lo cual se trabaja arduamente hasta lograrlo y demostrar la belleza de las artesan\u00edas que se elaboran en esta zona.<\/p>\n","protected":false},"excerpt":{"rendered":"<p>Morelia es el escenario perfecto para que la ciudadan\u00eda conozca los 8 Pueblos M\u00e1gicos con los que cuenta Michoac\u00e1n y de esta manera propagar la informaci\u00f3n para generar turismo, <\/p>\n","protected":false},"author":1,"featured_media":21481,"comment_status":"open","ping_status":"open","sticky":false,"template":"","format":"standard","meta":{"footnotes":""},"categories":[14,9],"tags":[],"class_list":["post-21483","post","type-post","status-publish","format-standard","has-post-thumbnail","hentry","category-destacadas","category-morelia"],"_links":{"self":[{"href":"https:\/\/radiowebmx.com\/nota\/wp-json\/wp\/v2\/posts\/21483","targetHints":{"allow":["GET"]}}],"collection":[{"href":"https:\/\/radiowebmx.com\/nota\/wp-json\/wp\/v2\/posts"}],"about":[{"href":"https:\/\/radiowebmx.com\/nota\/wp-json\/wp\/v2\/types\/post"}],"author":[{"embeddable":true,"href":"https:\/\/radiowebmx.com\/nota\/wp-json\/wp\/v2\/users\/1"}],"replies":[{"embeddable":true,"href":"https:\/\/radiowebmx.com\/nota\/wp-json\/wp\/v2\/comments?post=21483"}],"version-history":[{"count":1,"href":"https:\/\/radiowebmx.com\/nota\/wp-json\/wp\/v2\/posts\/21483\/revisions"}],"predecessor-version":[{"id":21484,"href":"https:\/\/radiowebmx.com\/nota\/wp-json\/wp\/v2\/posts\/21483\/revisions\/21484"}],"wp:featuredmedia":[{"embeddable":true,"href":"https:\/\/radiowebmx.com\/nota\/wp-json\/wp\/v2\/media\/21481"}],"wp:attachment":[{"href":"https:\/\/radiowebmx.com\/nota\/wp-json\/wp\/v2\/media?parent=21483"}],"wp:term":[{"taxonomy":"category","embeddable":true,"href":"https:\/\/radiowebmx.com\/nota\/wp-json\/wp\/v2\/categories?post=21483"},{"taxonomy":"post_tag","embeddable":true,"href":"https:\/\/radiowebmx.com\/nota\/wp-json\/wp\/v2\/tags?post=21483"}],"curies":[{"name":"wp","href":"https:\/\/api.w.org\/{rel}","templated":true}]}}