{"id":21480,"date":"2016-02-12T15:32:37","date_gmt":"2016-02-12T21:32:37","guid":{"rendered":"https:\/\/radiowebmx.com\/nota\/?p=21480"},"modified":"2016-02-12T15:32:37","modified_gmt":"2016-02-12T21:32:37","slug":"anuncia-gobernador-proyectos-integrales-para-fortalecer-los-pueblos-magicos-de-michoacan","status":"publish","type":"post","link":"https:\/\/radiowebmx.com\/nota\/anuncia-gobernador-proyectos-integrales-para-fortalecer-los-pueblos-magicos-de-michoacan\/","title":{"rendered":"Anuncia Gobernador proyectos integrales para fortalecer los Pueblos M\u00e1gicos de Michoac\u00e1n"},"content":{"rendered":"<div>Tras pronunciarse por la construcci\u00f3n de proyectos integrales entre los Pueblos M\u00e1gicos, el Gobernador del Estado, Silvano Aureoles Conejo anunci\u00f3 que se trabaja en planes para la construcci\u00f3n de dos ciclov\u00edas: una que transcurra desde Morelia hasta P\u00e1tzcuaro y otra m\u00e1s, que unir\u00e1 la ruta Tlalpujahua, Angangueo y Presa del Bosque.<\/p>\n<p>Durante la inauguraci\u00f3n del 1er Festival de Pueblos M\u00e1gicos 2016, en los jardines del Orquidario de Morelia, que se realiza del 11 al 16 de febrero, Aureoles Conejo adelant\u00f3 tambi\u00e9n que se elabora un gran proyecto estrat\u00e9gico en la regi\u00f3n Lacustre, que aprovecha la cercan\u00eda de tres Pueblos M\u00e1gicos: P\u00e1tzcuaro, Tzintzuntzan y Santa Clara del Cobre.<\/p>\n<p>El Gobernador convoc\u00f3 a los alcaldes de los ocho Pueblos M\u00e1gicos de la entidad, a impulsar campa\u00f1as constantes de limpieza e invit\u00f3 al p\u00fablico en general a valorar la riqueza de cultura y atractivos que posee Michoac\u00e1n.<\/p>\n<p>Por su parte, la secretaria de Turismo del Estado, Liliana L\u00f3pez Buenrostro, destac\u00f3 que en el foro, cada municipio cuenta con espacios de presentaci\u00f3n gastron\u00f3mica, artesanal y de informaci\u00f3n tur\u00edstica, que estar\u00e1n abiertos de 11 de la ma\u00f1ana a 10 de la noche.<\/p>\n<p>A su vez, el presidente de la Asociaci\u00f3n de Pueblos M\u00e1gicos de Michoac\u00e1n, V\u00edctor B\u00e1ez Ceja, edil de P\u00e1tzcuaro, manifest\u00f3 que luego de esta primera edici\u00f3n, el Festival mantendr\u00e1 una agenda de presentaciones itinerantes que a lo largo del a\u00f1o contempla los principales mercados potenciales del pa\u00eds, entre los que destacan Ciudad de M\u00e9xico, Guadalajara y Monterrey, as\u00ed como dos ciudades de los Estados Unidos.<\/p>\n<p>Luego de cortar el list\u00f3n inaugural, el Gobernador del Estado Silvano Aureoles, realiz\u00f3 un recorrido por el lugar acompa\u00f1ado por los Presidentes Municipales de Angangueo, Tlalpujahua, Tac\u00e1mbaro, Cuitzeo, Santa Clara del Cobre, P\u00e1tzcuaro, Tzintzuntzan, Jiquilpan y Morelia.<\/p>\n<p>Cabe destacar que como una muestra de la riqueza cultural de los Pueblos M\u00e1gicos, se present\u00f3 la tradici\u00f3n de \u201cLos Voladores\u201d, una herencia de San Pedro Tar\u00edmbaro, perteneciente al municipio de Tlalpujahua, que cuenta con reconocimiento de la UNESCO como Patrimonio de la Humanidad. A diferencia de los m\u00e1s conocidos \u201cVoladores de Papantla\u201d, en la tradici\u00f3n de Tlalpujahua la persona que toca el tambor permanece en tierra.<\/p>\n<p>Pueblos M\u00e1gicos de M\u00e9xico es un programa que contribuye a poner en valor a diversas poblaciones del pa\u00eds, que son susceptibles de recibir ciertos flujos tur\u00edsticos, por lo que deben tener como caracter\u00edsticas:<\/p><\/div>\n<ul>\n<li>Estar ubicados en zonas cercanas a sitios tur\u00edsticos o grandes ciudades.<\/li>\n<li>Tener accesos razonables v\u00eda carretera.<\/li>\n<li>Demostrar alg\u00fan valor o motivo hist\u00f3rico y\/o religioso.<\/li>\n<li>Existir la voluntad de sociedad y gobierno de participar.<\/li>\n<\/ul>\n<p>El Programa Pueblos M\u00e1gicos contribuye a revalorar a un conjunto de poblaciones del pa\u00eds que siempre han estado en el imaginario colectivo de la naci\u00f3n en su conjunto y que representan alternativas frescas y diferentes para los visitantes nacionales y extranjeros. M\u00e1s que un rescate, es un reconocimiento a quienes habitan esos hermosos lugares de la geograf\u00eda mexicana y han sabido guardar para todos, la riqueza cultural e hist\u00f3rica que encierran.<\/p>\n","protected":false},"excerpt":{"rendered":"<p>Tras pronunciarse por la construcci\u00f3n de proyectos integrales entre los Pueblos M\u00e1gicos, el Gobernador del Estado, Silvano Aureoles Conejo anunci\u00f3 que se trabaja en planes para la construcci\u00f3n de dos ciclov\u00edas:<\/p>\n","protected":false},"author":1,"featured_media":21481,"comment_status":"open","ping_status":"open","sticky":false,"template":"","format":"standard","meta":{"footnotes":""},"categories":[14,3],"tags":[],"class_list":["post-21480","post","type-post","status-publish","format-standard","has-post-thumbnail","hentry","category-destacadas","category-gobierno-del-estado-de-michoacan"],"_links":{"self":[{"href":"https:\/\/radiowebmx.com\/nota\/wp-json\/wp\/v2\/posts\/21480","targetHints":{"allow":["GET"]}}],"collection":[{"href":"https:\/\/radiowebmx.com\/nota\/wp-json\/wp\/v2\/posts"}],"about":[{"href":"https:\/\/radiowebmx.com\/nota\/wp-json\/wp\/v2\/types\/post"}],"author":[{"embeddable":true,"href":"https:\/\/radiowebmx.com\/nota\/wp-json\/wp\/v2\/users\/1"}],"replies":[{"embeddable":true,"href":"https:\/\/radiowebmx.com\/nota\/wp-json\/wp\/v2\/comments?post=21480"}],"version-history":[{"count":1,"href":"https:\/\/radiowebmx.com\/nota\/wp-json\/wp\/v2\/posts\/21480\/revisions"}],"predecessor-version":[{"id":21482,"href":"https:\/\/radiowebmx.com\/nota\/wp-json\/wp\/v2\/posts\/21480\/revisions\/21482"}],"wp:featuredmedia":[{"embeddable":true,"href":"https:\/\/radiowebmx.com\/nota\/wp-json\/wp\/v2\/media\/21481"}],"wp:attachment":[{"href":"https:\/\/radiowebmx.com\/nota\/wp-json\/wp\/v2\/media?parent=21480"}],"wp:term":[{"taxonomy":"category","embeddable":true,"href":"https:\/\/radiowebmx.com\/nota\/wp-json\/wp\/v2\/categories?post=21480"},{"taxonomy":"post_tag","embeddable":true,"href":"https:\/\/radiowebmx.com\/nota\/wp-json\/wp\/v2\/tags?post=21480"}],"curies":[{"name":"wp","href":"https:\/\/api.w.org\/{rel}","templated":true}]}}